{"id":454993,"date":"2025-10-11T12:16:38","date_gmt":"2025-10-11T12:16:38","guid":{"rendered":"https:\/\/www.europesays.com\/fr\/454993\/"},"modified":"2025-10-11T12:16:38","modified_gmt":"2025-10-11T12:16:38","slug":"dovbyk-et-gasperini-reviennent-sur-le-triple-penalty-manque-face-a-lille-italie-rome","status":"publish","type":"post","link":"https:\/\/www.europesays.com\/fr\/454993\/","title":{"rendered":"Dovbyk et Gasperini reviennent sur le triple penalty manqu\u00e9 face \u00e0 Lille &#8211; Italie &#8211; Rome"},"content":{"rendered":"<p>Un nouveau <a target=\"_blank\" href=\"https:\/\/www.sofoot.com\/breves\/cavani-revient-sur-le-penaltygate\" rel=\"nofollow noopener\">penaltygate<\/a> !<\/p>\n<p>L\u2019attaquant de l\u2019AS Rome <strong>Artem Dovbyk<\/strong>\u00a0n\u2019a pas vraiment pass\u00e9 la meilleure soir\u00e9e de sa carri\u00e8re europ\u00e9enne jeudi dernier. <a target=\"_blank\" href=\"https:\/\/www.sofoot.com\/articles\/ligue-europa-lille-reduit-la-roma-au-silence-et-soffre-une-victoire-de-prestige-berke-ozer-dans-la-legende-en-arretant-trois-penaltys\" rel=\"nofollow noopener\">Face \u00e0 Lille<\/a>, en Ligue Europa, <strong>il s\u2019est heurt\u00e9 deux fois de suite \u00e0 <a target=\"_blank\" href=\"https:\/\/www.sofoot.com\/articles\/ligue-europa-berke-ozer-lille-trois-arrets-pour-leternite-a-rome\" rel=\"nofollow noopener\">Berke \u00d6zer, en \u00e9tat de gr\u00e2ce<\/a> <\/strong>(et pas sur sa ligne sur la deuxi\u00e8me tentative), avant de laisser le troisi\u00e8me essai \u00e0 Matias Soul\u00e9. Mauvaise id\u00e9e, <strong>l\u2019Argentin a lui aussi \u00e9chou\u00e9<\/strong>. Une semaine plus tard, l\u2019Ukrainien rumine encore.<\/p>\n<p>\u00ab\u00a0J\u2019aurais d\u00fb tirer le troisi\u00e8me\u00a0\u00bb<\/p>\n<p>\u00ab\u00a0La seule chose que je regrette, c\u2019est de ne pas avoir tir\u00e9 le troisi\u00e8me\u00a0\u00bb, a confi\u00e9 Dovbyk, frustr\u00e9, lors d\u2019une vid\u00e9o publi\u00e9e pendant le rassemblement de la <a target=\"_blank\" href=\"https:\/\/www.youtube.com\/watch?v=GW6Ejs35PxA\" rel=\"nofollow noopener\">s\u00e9lection ukrainienne<\/a>. \u00ab\u00a0Je ne sais pas, \u00e7a s\u2019est pass\u00e9 comme \u00e7a et cela n\u2019a pas de sens d\u2019en parler maintenant. La seule chose dont je suis s\u00fbr, c\u2019est que j\u2019aurais d\u00fb tirer le troisi\u00e8me penalty\u00a0\u00bb, a-t-il r\u00e9p\u00e9t\u00e9, comme pour s\u2019en convaincre lui-m\u00eame.<\/p>\n<p>Son coach, Gian Piero Gasperini, interrog\u00e9 par le <a target=\"_blank\" href=\"https:\/\/www.corrieredellosport.it\/news\/calcio\/serie-a\/roma\/2025\/10\/10-143715891\/gasperini_esclusivo_dovbyk_lo_recupero_deve_sapere_che_la_squadra_con_lui\" rel=\"nofollow noopener\">Corriere dello Sport<\/a>, n\u2019a pas cherch\u00e9 \u00e0 le contredire. \u00ab\u00a0Il l\u2019aurait peut-\u00eatre m\u00eame marqu\u00e9 (avec un troisi\u00e8me essai). Je le regrette aussi, vu comment \u00e7a s\u2019est termin\u00e9. Artem est un sp\u00e9cialiste des penaltys, pas un improvisateur.\u00a0\u00bb\u202fAvant d\u2019ajouter, plus paternaliste :\u202f\u00ab\u00a0Il progresse. C\u2019est un joueur puissant, il doit retrouver la forme et la confiance. On travaille pour \u00e7a. L\u2019\u00e9quipe est avec lui.\u00a0\u00bb<\/p>\n<p>Petite pens\u00e9e \u00e0 Soul\u00e9, en qui visiblement personne n\u2019a confiance.<\/p>\n<p>\t\t\t\t\t\t\t\t\t\t<a class=\"lien-connexe\" href=\"https:\/\/www.sofoot.com\/breves\/dans-son-livre-mkhitaryan-raconte-sa-relation-tumultueuse-avec-jose-mourinho\" rel=\"nofollow noopener\" target=\"_blank\">Dans son livre, Mkhitaryan raconte sa relation tumultueuse avec Jos\u00e9\u00a0Mourinho<\/a>\t\t\t\t\t<\/p>\n","protected":false},"excerpt":{"rendered":"Un nouveau penaltygate ! L\u2019attaquant de l\u2019AS Rome Artem Dovbyk\u00a0n\u2019a pas vraiment pass\u00e9 la meilleure soir\u00e9e de sa&hellip;\n","protected":false},"author":2,"featured_media":454994,"comment_status":"","ping_status":"","sticky":false,"template":"","format":"standard","meta":{"footnotes":""},"categories":[2815],"tags":[1111,47,11,61,69,65,64,1777,674,63,1011,27,811,68,66,1307,12,62,70,25,67],"class_list":{"0":"post-454993","1":"post","2":"type-post","3":"status-publish","4":"format-standard","5":"has-post-thumbnail","7":"category-lille","8":"tag-actu","9":"tag-actualite","10":"tag-actualites","11":"tag-actus-football","12":"tag-bundesliga","13":"tag-championnats-europeens","14":"tag-equipe-de-france","15":"tag-eu","16":"tag-europe","17":"tag-football","18":"tag-fr","19":"tag-france","20":"tag-hauts-de-france","21":"tag-ligua","22":"tag-ligue-1","23":"tag-lille","24":"tag-news","25":"tag-news-foot","26":"tag-premier-league","27":"tag-republique-francaise","28":"tag-serie-a"},"share_on_mastodon":{"url":"https:\/\/pubeurope.com\/@fr\/115355489631457509","error":""},"_links":{"self":[{"href":"https:\/\/www.europesays.com\/fr\/wp-json\/wp\/v2\/posts\/454993","targetHints":{"allow":["GET"]}}],"collection":[{"href":"https:\/\/www.europesays.com\/fr\/wp-json\/wp\/v2\/posts"}],"about":[{"href":"https:\/\/www.europesays.com\/fr\/wp-json\/wp\/v2\/types\/post"}],"author":[{"embeddable":true,"href":"https:\/\/www.europesays.com\/fr\/wp-json\/wp\/v2\/users\/2"}],"replies":[{"embeddable":true,"href":"https:\/\/www.europesays.com\/fr\/wp-json\/wp\/v2\/comments?post=454993"}],"version-history":[{"count":0,"href":"https:\/\/www.europesays.com\/fr\/wp-json\/wp\/v2\/posts\/454993\/revisions"}],"wp:featuredmedia":[{"embeddable":true,"href":"https:\/\/www.europesays.com\/fr\/wp-json\/wp\/v2\/media\/454994"}],"wp:attachment":[{"href":"https:\/\/www.europesays.com\/fr\/wp-json\/wp\/v2\/media?parent=454993"}],"wp:term":[{"taxonomy":"category","embeddable":true,"href":"https:\/\/www.europesays.com\/fr\/wp-json\/wp\/v2\/categories?post=454993"},{"taxonomy":"post_tag","embeddable":true,"href":"https:\/\/www.europesays.com\/fr\/wp-json\/wp\/v2\/tags?post=454993"}],"curies":[{"name":"wp","href":"https:\/\/api.w.org\/{rel}","templated":true}]}}