{"id":454995,"date":"2025-10-11T12:17:11","date_gmt":"2025-10-11T12:17:11","guid":{"rendered":"https:\/\/www.europesays.com\/fr\/454995\/"},"modified":"2025-10-11T12:17:11","modified_gmt":"2025-10-11T12:17:11","slug":"avec-la-greve-les-marins-obtiennent-des-reponses","status":"publish","type":"post","link":"https:\/\/www.europesays.com\/fr\/454995\/","title":{"rendered":"Avec la gr\u00e8ve, les marins obtiennent des r\u00e9ponses"},"content":{"rendered":"\n<p>Les syndicats de marins d\u00e9non\u00e7aient l\u2019arr\u00eat de la liaison op\u00e9r\u00e9e par leur compagnie entre S\u00e8te et Beja\u00efa (Alg\u00e9rie) au profit de Grandi Navi Veloci (GNV), compagnie italienne filiale de MSC aux pratiques antisociales. Obtenant des r\u00e9ponses de leur direction, ils ont lev\u00e9 l\u2019ancre, vendredi.<\/p>\n<p>L\u2019armateur fran\u00e7ais s\u2019\u00e9tait retir\u00e9 de la ligne S\u00e8te-B\u00e9ja\u00efa pour se repositionner sur Marseille. Corsica Linea laissait ainsi \u00ab\u00a0le champ libre \u00e0 GNV ainsi qu\u2019\u00e0 Corsica Ferries\u00a0\u00bb, d\u00e9non\u00e7ait Fr\u00e9d\u00e9ric Alpozzo, secr\u00e9taire g\u00e9n\u00e9ral du syndicat CGT des Marins de Marseille. Ajoutant que \u00ab\u00a0ce repositionnement d\u2019escale \u00e0 Marseille r\u00e9duit la fr\u00e9quence du service public de continuit\u00e9 territoriale entre Marseille et Propriano\u00a0\u00bb. Le syndicat demandait \u00ab\u00a0le maintien annuel de la ligne r\u00e9guli\u00e8re passagers\u00a0\u00bb.<\/p>\n<p> Maintien de l\u2019offre\n              <\/p>\n<p>Soulignant que \u00ab\u00a0cette \u00e9volution n\u2019est en aucun cas li\u00e9e \u00e0 un choix de l\u2019entreprise\u00a0\u00bb, mais qu\u2019elle r\u00e9sultait \u00ab\u00a0d\u2019une d\u00e9cision des autorit\u00e9s alg\u00e9riennes\u00a0\u00bb, la direction de Corsica Linea a donn\u00e9 \u00e0 ses personnels des assurances sur le maintien de l\u2019offre \u00e0 S\u00e8te. Quant \u00e0 la liaison entre Marseille et la Corse, elle indique que \u00ab\u00a0suite \u00e0 l\u2019annonce de Corsica Ferries d\u2019ouvrir une ligne en OSP l\u00e9g\u00e8res en situation de concurrence d\u00e9loyale, nous maintenons nos trois voyages par semaine entre Marseille et Propriano en DSP\u00a0\u00bb.<\/p>\n<p>\u00ab\u00a0Tout sera fait pour couvrir la totalit\u00e9 des escales avec Alg\u00e9rie Ferries, et si ce n\u2019est pas le cas, nous y veillerons\u00a0\u00bb, a r\u00e9agi Fr\u00e9d\u00e9ric Alpozzo, \u00ab\u00a0GNV doit sortir imp\u00e9rativement des lignes \u00e0 passagers France-Alg\u00e9rie en 2026, il n\u2019y a pas d\u2019alternative\u00a0\u00bb.<\/p>\n","protected":false},"excerpt":{"rendered":"Les syndicats de marins d\u00e9non\u00e7aient l\u2019arr\u00eat de la liaison op\u00e9r\u00e9e par leur compagnie entre S\u00e8te et Beja\u00efa (Alg\u00e9rie)&hellip;\n","protected":false},"author":2,"featured_media":454996,"comment_status":"","ping_status":"","sticky":false,"template":"","format":"standard","meta":{"footnotes":""},"categories":[2814],"tags":[1111,11,1777,674,1011,27,884,12,882,25,14042],"class_list":{"0":"post-454995","1":"post","2":"type-post","3":"status-publish","4":"format-standard","5":"has-post-thumbnail","7":"category-marseille","8":"tag-actu","9":"tag-actualites","10":"tag-eu","11":"tag-europe","12":"tag-fr","13":"tag-france","14":"tag-marseille","15":"tag-news","16":"tag-provence-alpes-cote-dazur","17":"tag-republique-francaise","18":"tag-sete"},"share_on_mastodon":{"url":"https:\/\/pubeurope.com\/@fr\/115355493579474572","error":""},"_links":{"self":[{"href":"https:\/\/www.europesays.com\/fr\/wp-json\/wp\/v2\/posts\/454995","targetHints":{"allow":["GET"]}}],"collection":[{"href":"https:\/\/www.europesays.com\/fr\/wp-json\/wp\/v2\/posts"}],"about":[{"href":"https:\/\/www.europesays.com\/fr\/wp-json\/wp\/v2\/types\/post"}],"author":[{"embeddable":true,"href":"https:\/\/www.europesays.com\/fr\/wp-json\/wp\/v2\/users\/2"}],"replies":[{"embeddable":true,"href":"https:\/\/www.europesays.com\/fr\/wp-json\/wp\/v2\/comments?post=454995"}],"version-history":[{"count":0,"href":"https:\/\/www.europesays.com\/fr\/wp-json\/wp\/v2\/posts\/454995\/revisions"}],"wp:featuredmedia":[{"embeddable":true,"href":"https:\/\/www.europesays.com\/fr\/wp-json\/wp\/v2\/media\/454996"}],"wp:attachment":[{"href":"https:\/\/www.europesays.com\/fr\/wp-json\/wp\/v2\/media?parent=454995"}],"wp:term":[{"taxonomy":"category","embeddable":true,"href":"https:\/\/www.europesays.com\/fr\/wp-json\/wp\/v2\/categories?post=454995"},{"taxonomy":"post_tag","embeddable":true,"href":"https:\/\/www.europesays.com\/fr\/wp-json\/wp\/v2\/tags?post=454995"}],"curies":[{"name":"wp","href":"https:\/\/api.w.org\/{rel}","templated":true}]}}