{"id":454999,"date":"2025-10-11T12:19:11","date_gmt":"2025-10-11T12:19:11","guid":{"rendered":"https:\/\/www.europesays.com\/fr\/454999\/"},"modified":"2025-10-11T12:19:11","modified_gmt":"2025-10-11T12:19:11","slug":"lyon-valentin-lugenstrass-tacle-la-presence-danciens-fn-rn-au-cote-de-pierre-oliver-soutien-de-jean-michel-aulas","status":"publish","type":"post","link":"https:\/\/www.europesays.com\/fr\/454999\/","title":{"rendered":"Lyon. Valentin Lugenstrass tacle la pr\u00e9sence d\u2019anciens \u00ab\u00a0FN\/RN\u00a0\u00bb au c\u00f4t\u00e9 de Pierre Oliver, soutien de Jean-Michel Aulas"},"content":{"rendered":"<p>Valentin Lugenstrass, \u00e9lu \u00e9cologiste dans le 2e  arrondissement de Lyon, dont <a href=\"https:\/\/www.leprogres.fr\/p\/pierre-oliver\" target=\"_blank\" rel=\"noopener\">Pierre Oliver<\/a> en est le maire Les R\u00e9publicains (LR) ne laisse jamais rien passer \u00e0 son adversaire en politique. Et vice-versa. Cette fois, celui qui est \u00e9galement adjoint en mairie centrale en charge, notamment, des \u00ab\u00a0mobilit\u00e9s\u00a0\u00bb a fait son miel d\u2019une photographie post\u00e9e par Pierre Oliver lui-m\u00eame sur son compte X. Celle-ci repr\u00e9sente les soutiens de <a href=\"https:\/\/www.leprogres.fr\/p\/jean-michel-aulas\" target=\"_blank\" rel=\"noopener\">Jean-Michel Aulas<\/a> en train de tracter sur le march\u00e9 du quai Saint-Antoine \u00e0 Lyon (2e), accompagn\u00e9e du commentaire prometteur\u00a0: \u00ab\u00a0Les Lyonnais ont envie de changement, et \u00e7a se sent\u00a0!\u00a0\u00bb.<\/p>\n<p>Mais Valentin Lugenstrass a rep\u00e9r\u00e9 \u00ab\u00a0deux anciens FN\/RN\u00a0\u00bb qui \u00ab\u00a0tractent avec les soutiens de Jean-Michel Aulas\u00a0\u00bb. \u00ab\u00a0La m\u00eame ligne qu\u2019au national\u00a0: les irresponsables\u00a0?\u00a0\u00bb, a-t-il ajout\u00e9.<\/p>\n<p>  \u00ab\u00a0Le Rassemblement national \u00e9tait une impasse pour Lyon et pour la France\u00a0\u00bb<\/p>\n<p>A y regarder de plus pr\u00e8s, on note, au c\u00f4t\u00e9 de Pierre Oliver, la pr\u00e9sence d\u2019Anne Pellet, \u00e9lue (MoDem) du 4e  arrondissement, de Clara Eynaud-Lassalle, ancienne <a href=\"https:\/\/www.leprogres.fr\/elections\/2024\/06\/21\/qui-est-clara-eynaud-lassal-candidate-renaissance\" target=\"_blank\" rel=\"noopener\">candidate Renaissance aux l\u00e9gislatives<\/a> dans le Rh\u00f4ne et membre du <a href=\"https:\/\/lesjam.fr\/notre-mouvement\" target=\"_blank\" rel=\"noopener\">bureau national des Jeunes avec Macron<\/a> , de Nadine Micholin, habitante du 2e\u00a0 et ancienne journaliste du Progr\u00e8s, de Jean-St\u00e9phane Chaillet, premier adjoint (LR) du 2e  arrondissement, mais aussi de C\u00e9dric Mermet, ancien candidat du Rassemblement national (RN) dans le Rh\u00f4ne.<\/p>\n<p>Cet ancien militaire de 59 ans avait obtenu 35\u00a0% des voix au deuxi\u00e8me tour contre le d\u00e9put\u00e9 sortant <a href=\"https:\/\/www.leprogres.fr\/p\/idir-boumertit\" target=\"_blank\" rel=\"noopener\">Idir Boumertit<\/a> (LFI) dans la 14e circonscription comprenant notamment V\u00e9nissieux. C\u00e9dric Mermet avait annonc\u00e9 en mars\u00a02025 avoir <a href=\"https:\/\/www.leprogres.fr\/politique\/2025\/03\/18\/un-ancien-candidat-rn-aux-legislatives-rejoint-les-republicains-et-soutient-bruno-retailleau\" target=\"_blank\" rel=\"noopener\">quitt\u00e9 le parti \u00e0 la flamme pour Les R\u00e9publicains<\/a>. \u00ab\u00a0Le Rassemblement national \u00e9tait une impasse pour Lyon et pour la France\u00a0\u00bb confie-t-il aujourd\u2019hui au Progr\u00e8s, expliquant son choix de \u00ab\u00a0revenir vers la droite r\u00e9publicaine, celle qui agit, qui b\u00e2tit, qui rassemble au lieu de diviser\u00a0\u00bb.<\/p>\n<p>Si Pierre Oliver avait bien identifi\u00e9 le parcours de C\u00e9dric Mermet, l\u2019\u00e9lu, chef de file de la droite au conseil municipal de Lyon, indique \u00ab\u00a0ne pas savoir\u00a0\u00bb qui serait l\u2019autre ex FN\/RN signal\u00e9 par Valentin Lugenstrass sans le nommer. \u00ab\u00a0Ils ont compris que le RN n\u2019\u00e9tait pas la solution\u00a0! Et que c\u2019\u00e9tait la droite r\u00e9publicaine qui incarnait l\u2019avenir\u00a0\u00bb, commente Pierre Oliver, rappelant que \u00ab\u00a0C\u00e9dric Mermet, adh\u00e9rent \u00e0 Lyon au C\u0153ur, l\u2019association de B\u00e9atrice de Montille, fait partie de la fili\u00e8re retailliste de LR\u00a0\u00bb. \u00ab\u00a0On ne les a pas d\u00e9bauch\u00e9s, ils sont venus d\u2019eux-m\u00eames\u00a0\u00bb, conclut le soutien de Jean-Michel Aulas.<\/p>\n<p class=\"note\">Valentin Lugenstrass n\u2019a pu \u00eatre contact\u00e9.<\/p>\n","protected":false},"excerpt":{"rendered":"Valentin Lugenstrass, \u00e9lu \u00e9cologiste dans le 2e arrondissement de Lyon, dont Pierre Oliver en est le maire Les&hellip;\n","protected":false},"author":2,"featured_media":455000,"comment_status":"","ping_status":"","sticky":false,"template":"","format":"standard","meta":{"footnotes":""},"categories":[1889],"tags":[1111,11,2430,2757,1777,674,1011,27,3539,6319,2428,2756,12,316,1078,25,2429],"class_list":{"0":"post-454999","1":"post","2":"type-post","3":"status-publish","4":"format-standard","5":"has-post-thumbnail","7":"category-lyon","8":"tag-actu","9":"tag-actualites","10":"tag-auvergne-rhone-alpes","11":"tag-edition-lyon-villeurbanne","12":"tag-eu","13":"tag-europe","14":"tag-fr","15":"tag-france","16":"tag-les-ecologistes","17":"tag-les-republicains","18":"tag-lyon","19":"tag-lyon-bassin","20":"tag-news","21":"tag-politique","22":"tag-rassemblement-national","23":"tag-republique-francaise","24":"tag-rhone"},"share_on_mastodon":{"url":"https:\/\/pubeurope.com\/@fr\/115355501462406380","error":""},"_links":{"self":[{"href":"https:\/\/www.europesays.com\/fr\/wp-json\/wp\/v2\/posts\/454999","targetHints":{"allow":["GET"]}}],"collection":[{"href":"https:\/\/www.europesays.com\/fr\/wp-json\/wp\/v2\/posts"}],"about":[{"href":"https:\/\/www.europesays.com\/fr\/wp-json\/wp\/v2\/types\/post"}],"author":[{"embeddable":true,"href":"https:\/\/www.europesays.com\/fr\/wp-json\/wp\/v2\/users\/2"}],"replies":[{"embeddable":true,"href":"https:\/\/www.europesays.com\/fr\/wp-json\/wp\/v2\/comments?post=454999"}],"version-history":[{"count":0,"href":"https:\/\/www.europesays.com\/fr\/wp-json\/wp\/v2\/posts\/454999\/revisions"}],"wp:featuredmedia":[{"embeddable":true,"href":"https:\/\/www.europesays.com\/fr\/wp-json\/wp\/v2\/media\/455000"}],"wp:attachment":[{"href":"https:\/\/www.europesays.com\/fr\/wp-json\/wp\/v2\/media?parent=454999"}],"wp:term":[{"taxonomy":"category","embeddable":true,"href":"https:\/\/www.europesays.com\/fr\/wp-json\/wp\/v2\/categories?post=454999"},{"taxonomy":"post_tag","embeddable":true,"href":"https:\/\/www.europesays.com\/fr\/wp-json\/wp\/v2\/tags?post=454999"}],"curies":[{"name":"wp","href":"https:\/\/api.w.org\/{rel}","templated":true}]}}