{"id":455001,"date":"2025-10-11T12:20:22","date_gmt":"2025-10-11T12:20:22","guid":{"rendered":"https:\/\/www.europesays.com\/fr\/455001\/"},"modified":"2025-10-11T12:20:22","modified_gmt":"2025-10-11T12:20:22","slug":"boris-godounov-chef-doeuvre-de-moussorgski-a-lopera-de-lyon","status":"publish","type":"post","link":"https:\/\/www.europesays.com\/fr\/455001\/","title":{"rendered":"Boris Godounov, chef d&rsquo;oeuvre de Moussorgski, \u00e0 l&rsquo;Op\u00e9ra de Lyon"},"content":{"rendered":"<p><img loading=\"lazy\" decoding=\"async\" alt=\"\u00a9 Timofey Kolesnikov, fourni par l'Op\u00e9ra de Lyon - Vasily Barkhatov, metteur en sc\u00e8ne russe, a \u00e9t\u00e9 choisi pour adapter \u00e0 nouveau Boris Godounov, un drame issu d'une pi\u00e8ce de Pouchkine.\" data-zoom-src=\"https:\/\/www.europesays.com\/fr\/wp-content\/uploads\/2025\/10\/initial-barkhatov-vasily-portrait-sw-hd-c-timofey-kolesnikov-09-23.jpg\" data-zoomable=\"\" height=\"702\" src=\"https:\/\/www.europesays.com\/fr\/wp-content\/uploads\/2025\/10\/initial-barkhatov-vasily-portrait-sw-hd-c-timofey-kolesnikov-09-23.jpg\" width=\"1248\"\/>  <\/p>\n<p class=\"article-desc\">\u00a9 Timofey Kolesnikov, fourni par l&rsquo;Op\u00e9ra de Lyon &#8211; Vasily Barkhatov, metteur en sc\u00e8ne russe, a \u00e9t\u00e9 choisi pour adapter \u00e0 nouveau Boris Godounov, un drame issu d&rsquo;une pi\u00e8ce de Pouchkine. <\/p>\n<p>D\u00e9j\u00e0 mont\u00e9 lors de la saison 1994-1995 sous la direction du chef d\u2019orchestre Valery Gergiev &#8211;\u00a0d\u00e9sormais persona non grata en Occident pour ses prises de positions inacceptables sur l\u2019Ukraine &#8211; puis en 2002-2003 avec Iva\u0301n Fischer, <strong>le chef-d\u2019\u0153uvre de Moussorgski<\/strong>\u00a0revient a\u0300 l\u2019<strong>Op\u00e9ra de Lyon<\/strong>. Boris Godounov\u00a0est ainsi propos\u00e9 en ouverture de saison <strong>du lundi 13 au samedi 25 octobre 2025<\/strong>. <\/p>\n<p>Une belle initiative de <strong>Richard Brunel<\/strong>, directeur de l&rsquo;institution lyonnaise, puisque cette version devrait apporter un coup de jeune au seul op\u00e9ra achev\u00e9 du compositeur russe. <\/p>\n<p>Vasily Barkhatov \u00e0 la mise en sc\u00e8ne de Boris Godounov\u00a0\u00e0 l&rsquo;Op\u00e9ra de Lyon <\/p>\n<p>Richard Brunel a choisi de confier la direction au <strong>chef d\u2019orchestre Vitali Alekseenok<\/strong>, \u00e9toile montante de la sc\u00e8ne musicale internationale, et la mise en sc\u00e8ne \u00e0 l\u2019artiste russe qui fait un tabac en Allemagne et en Europe de l\u2019est, <strong>Vasily Barkhatov<\/strong>. Il vient de monter une Norma du tonnerre, para\u00eet-il, \u00e0 l\u2019Op\u00e9ra de Vienne (Autriche) en mai dernier et il n&rsquo;est encore jamais venu en France.<\/p>\n<p>Pour rajeunir ce <strong>drame <\/strong>tir\u00e9 d\u2019une pi\u00e8ce de Pouchkine, inspir\u00e9e de faits r\u00e9els mais largement remani\u00e9s par l\u2019\u00e9crivain, le metteur en sc\u00e8ne s\u2019inspirera de l\u2019esprit du film de Lars von Trier avec Nicole Kidman, Dogville. Il faut dire que cette histoire sombre s\u2019y pr\u00eate. Celle d\u2019un usurpateur, appel\u00e9 par le peuple puis d\u00e9fait par la rumeur.<\/p>\n<p>L\u2019op\u00e9ra de Moussorgski a connu deux versions \u00e9crites par le compositeur et des remaniements ult\u00e9rieurs, mais l\u2019Op\u00e9ra de Lyon a choisi de reprendre la <strong>toute premi\u00e8re version<\/strong>, refus\u00e9e par le comit\u00e9 de lecture du th\u00e9\u00e2tre Mariinski (Russie), plus condens\u00e9e et plus efficace th\u00e9\u00e2tralement. On ne doute pas une seconde que Vasily Barkhatov soit l\u2019artiste idoine pour insuffler l\u2019<strong>\u00e2me russe dissidente<\/strong> et d\u00e9noncer les dangers et les exc\u00e8s du pouvoir, lui qui vit dans sa chair le r\u00e9sultat d\u2019une dictature sauvage et implacable. On a h\u00e2te\u00a0! <\/p>\n","protected":false},"excerpt":{"rendered":"\u00a9 Timofey Kolesnikov, fourni par l&rsquo;Op\u00e9ra de Lyon &#8211; Vasily Barkhatov, metteur en sc\u00e8ne russe, a \u00e9t\u00e9 choisi&hellip;\n","protected":false},"author":2,"featured_media":455002,"comment_status":"","ping_status":"","sticky":false,"template":"","format":"standard","meta":{"footnotes":""},"categories":[1889],"tags":[1111,11,2430,1777,674,1011,27,2428,12,58033,24860,25,3336],"class_list":{"0":"post-455001","1":"post","2":"type-post","3":"status-publish","4":"format-standard","5":"has-post-thumbnail","7":"category-lyon","8":"tag-actu","9":"tag-actualites","10":"tag-auvergne-rhone-alpes","11":"tag-eu","12":"tag-europe","13":"tag-fr","14":"tag-france","15":"tag-lyon","16":"tag-news","17":"tag-opera-de-lyon","18":"tag-opu00e9ra","19":"tag-republique-francaise","20":"tag-sortir-u00e0-lyon"},"share_on_mastodon":{"url":"https:\/\/pubeurope.com\/@fr\/115355506011388154","error":""},"_links":{"self":[{"href":"https:\/\/www.europesays.com\/fr\/wp-json\/wp\/v2\/posts\/455001","targetHints":{"allow":["GET"]}}],"collection":[{"href":"https:\/\/www.europesays.com\/fr\/wp-json\/wp\/v2\/posts"}],"about":[{"href":"https:\/\/www.europesays.com\/fr\/wp-json\/wp\/v2\/types\/post"}],"author":[{"embeddable":true,"href":"https:\/\/www.europesays.com\/fr\/wp-json\/wp\/v2\/users\/2"}],"replies":[{"embeddable":true,"href":"https:\/\/www.europesays.com\/fr\/wp-json\/wp\/v2\/comments?post=455001"}],"version-history":[{"count":0,"href":"https:\/\/www.europesays.com\/fr\/wp-json\/wp\/v2\/posts\/455001\/revisions"}],"wp:featuredmedia":[{"embeddable":true,"href":"https:\/\/www.europesays.com\/fr\/wp-json\/wp\/v2\/media\/455002"}],"wp:attachment":[{"href":"https:\/\/www.europesays.com\/fr\/wp-json\/wp\/v2\/media?parent=455001"}],"wp:term":[{"taxonomy":"category","embeddable":true,"href":"https:\/\/www.europesays.com\/fr\/wp-json\/wp\/v2\/categories?post=455001"},{"taxonomy":"post_tag","embeddable":true,"href":"https:\/\/www.europesays.com\/fr\/wp-json\/wp\/v2\/tags?post=455001"}],"curies":[{"name":"wp","href":"https:\/\/api.w.org\/{rel}","templated":true}]}}