{"id":455021,"date":"2025-10-11T12:32:15","date_gmt":"2025-10-11T12:32:15","guid":{"rendered":"https:\/\/www.europesays.com\/fr\/455021\/"},"modified":"2025-10-11T12:32:15","modified_gmt":"2025-10-11T12:32:15","slug":"lallemagne-celebre-le-35e-anniversaire-de-sa-reunification-dans-un-grand-moment-delitisme-oubliant-le-peuple","status":"publish","type":"post","link":"https:\/\/www.europesays.com\/fr\/455021\/","title":{"rendered":"L\u2019Allemagne c\u00e9l\u00e8bre le 35e anniversaire de sa r\u00e9unification dans un grand moment d\u2019\u00e9litisme oubliant le peuple"},"content":{"rendered":"<p>L\u2019unit\u00e9 sans le peuple<\/p>\n<p>Trente-cinq ans apr\u00e8s que les Allemands de l\u2019Est ont abattu le mur de Berlin, la comm\u00e9moration de la r\u00e9unification s\u2019est transform\u00e9e en c\u00e9r\u00e9monie creuse, domin\u00e9e par un pouvoir en qu\u00eate d\u2019auto-l\u00e9gitimation. En effa\u00e7ant le r\u00f4le du peuple pour glorifier celui d\u2019une \u00e9lite \u00e9clair\u00e9e, Berlin r\u00e9v\u00e8le une fracture toujours plus profonde entre gouvernants et gouvern\u00e9s, et une m\u00e9moire collective d\u00e9sormais vid\u00e9e de sa dimension populaire et d\u00e9mocratique.<\/p>\n","protected":false},"excerpt":{"rendered":"L\u2019unit\u00e9 sans le peuple Trente-cinq ans apr\u00e8s que les Allemands de l\u2019Est ont abattu le mur de Berlin,&hellip;\n","protected":false},"author":2,"featured_media":455022,"comment_status":"","ping_status":"","sticky":false,"template":"","format":"standard","meta":{"footnotes":""},"categories":[1587],"tags":[11,672,1804,34026,4150,58035,1805,1803,58034,1777,674,4710,1801,937,11514,12,2437,1802],"class_list":{"0":"post-455021","1":"post","2":"type-post","3":"status-publish","4":"format-standard","5":"has-post-thumbnail","7":"category-allemagne","8":"tag-actualites","9":"tag-allemagne","10":"tag-bundesrepublik-deutschland","11":"tag-celebration","12":"tag-ceremonie","13":"tag-date-anniversaire","14":"tag-de","15":"tag-deutschland","16":"tag-elites-politiques","17":"tag-eu","18":"tag-europe","19":"tag-friedrich-merz","20":"tag-germany","21":"tag-histoire","22":"tag-macron","23":"tag-news","24":"tag-pologne","25":"tag-republique-federale-dallemagne"},"share_on_mastodon":{"url":"https:\/\/pubeurope.com\/@fr\/115355552661189090","error":""},"_links":{"self":[{"href":"https:\/\/www.europesays.com\/fr\/wp-json\/wp\/v2\/posts\/455021","targetHints":{"allow":["GET"]}}],"collection":[{"href":"https:\/\/www.europesays.com\/fr\/wp-json\/wp\/v2\/posts"}],"about":[{"href":"https:\/\/www.europesays.com\/fr\/wp-json\/wp\/v2\/types\/post"}],"author":[{"embeddable":true,"href":"https:\/\/www.europesays.com\/fr\/wp-json\/wp\/v2\/users\/2"}],"replies":[{"embeddable":true,"href":"https:\/\/www.europesays.com\/fr\/wp-json\/wp\/v2\/comments?post=455021"}],"version-history":[{"count":0,"href":"https:\/\/www.europesays.com\/fr\/wp-json\/wp\/v2\/posts\/455021\/revisions"}],"wp:featuredmedia":[{"embeddable":true,"href":"https:\/\/www.europesays.com\/fr\/wp-json\/wp\/v2\/media\/455022"}],"wp:attachment":[{"href":"https:\/\/www.europesays.com\/fr\/wp-json\/wp\/v2\/media?parent=455021"}],"wp:term":[{"taxonomy":"category","embeddable":true,"href":"https:\/\/www.europesays.com\/fr\/wp-json\/wp\/v2\/categories?post=455021"},{"taxonomy":"post_tag","embeddable":true,"href":"https:\/\/www.europesays.com\/fr\/wp-json\/wp\/v2\/tags?post=455021"}],"curies":[{"name":"wp","href":"https:\/\/api.w.org\/{rel}","templated":true}]}}