{"id":455046,"date":"2025-10-11T12:47:14","date_gmt":"2025-10-11T12:47:14","guid":{"rendered":"https:\/\/www.europesays.com\/fr\/455046\/"},"modified":"2025-10-11T12:47:14","modified_gmt":"2025-10-11T12:47:14","slug":"deux-pianos-darnaud-desplechin-melodrame-melodique","status":"publish","type":"post","link":"https:\/\/www.europesays.com\/fr\/455046\/","title":{"rendered":"\u00ab\u00a0Deux Pianos\u00a0\u00bb d&rsquo;Arnaud Desplechin\u00a0: m\u00e9lodrame m\u00e9lodique"},"content":{"rendered":"<p> <img decoding=\"async\" class=\"Image-preview  svelte-1b9cmvl\" data-testid=\"image-preview\" src=\"data:image\/jpeg;charset=utf-8;base64, \/9j\/2wBDACgcHiMeGSgjISMtKygwPGRBPDc3PHtYXUlkkYCZlo+AjIqgtObDoKrarYqMyP\/L2u71\/\/\/\/m8H\/\/\/\/6\/+b9\/\/j\/2wBDASstLTw1PHZBQXb4pYyl+Pj4+Pj4+Pj4+Pj4+Pj4+Pj4+Pj4+Pj4+Pj4+Pj4+Pj4+Pj4+Pj4+Pj4+Pj4+Pj4+Pj\/wAARCAATACoDASIAAhEBAxEB\/8QAFwAAAwEAAAAAAAAAAAAAAAAAAAECA\/\/EABgQAQEBAQEAAAAAAAAAAAAAAAABAhES\/8QAFgEBAQEAAAAAAAAAAAAAAAAAAAEC\/8QAFREBAQAAAAAAAAAAAAAAAAAAABH\/2gAMAwEAAhEDEQA\/AMS6VqLpRfous\/QmkK06Eyn0WlpnoBWUnAAXDAEf\/9k=\" alt=\"\" aria-hidden=\"false\"\/>     <img decoding=\"async\" src=\"https:\/\/www.europesays.com\/fr\/wp-content\/uploads\/2025\/10\/860_sc_deux-pianos-pho-2-scaled-2000x940.jpg\" loading=\"lazy\" fetchpriority=\"low\" width=\"860\" height=\"404\" class=\"Image-main  svelte-1b9cmvl rounded\" data-testid=\"image-src\" alt=\"Fran\u00e7ois Civil et Charlotte Rampling dans le film d'Arnaud Desplechin &quot;Deux Pianos&quot;, en salles le 16 cotobre 2025.\" aria-hidden=\"false\" onload=\"this.__e=event\" onerror=\"this.__e=event\"\/> Fran\u00e7ois Civil et Charlotte Rampling dans le film d&rsquo;Arnaud Desplechin \u00ab\u00a0Deux Pianos\u00a0\u00bb, en salles le 16 cotobre 2025.  &#8211; Le Pacte \/ UniFrance <\/p>\n<p class=\"PopSlotParagraph qg-tx2 qg-xtra-lh svelte-1r0pyek\">Un torrent romanesque et ce talent de plonger en nous au plus profond.<\/p>\n<p class=\"PopSlotParagraph qg-tx2 qg-xtra-lh svelte-1r0pyek\">Invit\u00e9\u00a0: <strong>Arnaud Desplechin<\/strong>. Un homme bless\u00e9, un amour de jeunesse, la musique, plus une dose de fantastique \u00e9gale \u00ab\u00a0Deux Pianos\u00a0\u00bb, son nouveau film et la premi\u00e8re fois avec elle\u00a0:<\/p>\n<p class=\"PopSlotParagraph qg-tx2 qg-xtra-lh svelte-1r0pyek\">Invit\u00e9e\u00a0: <strong>Charlotte Rampling<\/strong>. Dans ce film la pianiste virtuose, Elena, la mentor du h\u00e9ros Mathias Vogler.<\/p>\n<p class=\"PopSlotParagraph qg-tx2 qg-xtra-lh svelte-1r0pyek\">Mathias le pianiste de retour en France apr\u00e8s un long p\u00e9riple \u00e0 l&rsquo;\u00e9tranger et qui va retrouver, \u00e0 Lyon, Elena et rencontrer dans de dr\u00f4les de circonstances son amour de jeunesse.<\/p>\n<p class=\"PopSlotParagraph qg-tx2 qg-xtra-lh svelte-1r0pyek\">Invit\u00e9\u00a0: <strong>Fran\u00e7ois Civil<\/strong>. Une nouvelle \u00e9tape dans son parcours d&rsquo;acteur, une nouvelle grammaire\u00a0: le Desplechin\u00a0!<\/p>\n<p class=\"PopSlotParagraph qg-tx2 qg-xtra-lh svelte-1r0pyek\">Une troisi\u00e8me premi\u00e8re fois dans ce film\u00a0:<\/p>\n<p class=\"PopSlotParagraph qg-tx2 qg-xtra-lh svelte-1r0pyek\">Invit\u00e9e\u00a0: <strong>Nadia Tereszkiewicz<\/strong>. Elle est Claude, la femme que Mathias a aim\u00e9 dix ans auparavant. Claude qui a laiss\u00e9 le destin choisir \u00e0 sa place.<\/p>\n<p class=\"PopSlotParagraph qg-tx2 qg-xtra-lh svelte-1r0pyek\"><strong>\u00a0\u00bb Deux pianos \u00a0\u00bb r\u00e9alis\u00e9 par Arnaud Desplechin sur nos \u00e9crans mercredi prochain.<\/strong><\/p>\n<p class=\"qg-sr-only\" role=\"heading\" aria-level=\"3\">Pour voir ce contenu, acceptez les cookies.<\/p>\n<p class=\"ConsentNotice-description qg-tx3 svelte-m9wmt1\">Pour afficher ce contenu Youtube, vous devez accepter les cookies <b>Publicit\u00e9<\/b>.<br \/>Ces cookies permettent \u00e0 nos partenaires de vous proposer des publicit\u00e9s et des contenus personnalis\u00e9s en fonction de votre navigation, de votre profil et de vos centres d&rsquo;int\u00e9r\u00eat. <\/p>\n<p>  G\u00e9rer mes choix     J&rsquo;autorise  <\/p>\n<p class=\"PopSlotParagraph qg-tx2 qg-xtra-lh svelte-1r0pyek\"><strong>Les Sorties du 8 octobre<\/strong>\u00a0:<\/p>\n<p class=\"PopSlotParagraph qg-tx2 qg-xtra-lh svelte-1r0pyek\">&#8211; <strong>Alger<\/strong> (2024) de Chakib Taleb Bendiab<\/p>\n<p class=\"PopSlotParagraph qg-tx2 qg-xtra-lh svelte-1r0pyek\">&#8211; <strong>Berlinguer, La Grande Ambition<\/strong> (2024) de Andrea Segre<\/p>\n<p class=\"PopSlotParagraph qg-tx2 qg-xtra-lh svelte-1r0pyek\">&#8211; <strong>\u00c9go\u00efste<\/strong> (2022) de Daishi Matsunaga<\/p>\n<p class=\"PopSlotParagraph qg-tx2 qg-xtra-lh svelte-1r0pyek\">&#8211; <strong>Hors Service<\/strong> (2025) de Jean Boiron-Lajous<\/p>\n<p class=\"PopSlotParagraph qg-tx2 qg-xtra-lh svelte-1r0pyek\">&#8211; <strong>L\u2019invasion<\/strong> (2024) de Sergei Loznitsa<\/p>\n<p class=\"PopSlotParagraph qg-tx2 qg-xtra-lh svelte-1r0pyek\">&#8211; <strong>M\u00e9t\u00e9ors<\/strong> (2025) de Hubert Charuel et Claude Le Pape<\/p>\n<p class=\"PopSlotParagraph qg-tx2 qg-xtra-lh svelte-1r0pyek\">&#8211; <strong>Nos Jours Sauvages<\/strong> (2025) de Vasilis Kekatos<\/p>\n<p class=\"PopSlotParagraph qg-tx2 qg-xtra-lh svelte-1r0pyek\">&#8211; <strong>Nouvelle Vague<\/strong> (2025) de Richard Linklater<\/p>\n<p class=\"qg-sr-only\" role=\"heading\" aria-level=\"3\">Pour voir ce contenu, acceptez les cookies.<\/p>\n<p class=\"ConsentNotice-description qg-tx3 svelte-m9wmt1\">Pour afficher ce contenu Youtube, vous devez accepter les cookies <b>Publicit\u00e9<\/b>.<br \/>Ces cookies permettent \u00e0 nos partenaires de vous proposer des publicit\u00e9s et des contenus personnalis\u00e9s en fonction de votre navigation, de votre profil et de vos centres d&rsquo;int\u00e9r\u00eat. <\/p>\n<p>  G\u00e9rer mes choix     J&rsquo;autorise  <\/p>\n<p class=\"PopSlotParagraph qg-tx2 qg-xtra-lh svelte-1r0pyek\"><strong>Les Cadeaux aux invit\u00e9s<\/strong>\u00a0:<\/p>\n<p class=\"PopSlotParagraph qg-tx2 qg-xtra-lh svelte-1r0pyek\">Pour Arnaud Desplechin\u00a0:<\/p>\n<p class=\"PopSlotParagraph qg-tx2 qg-xtra-lh svelte-1r0pyek\">&#8211; Film **\u00a0\u00bb<strong>L&rsquo;\u00c9tat des Choses\u00a0\u00bb<\/strong>\u00a0(1982) de Wim Wenders &#8211; Chez Carlotta<\/p>\n<p class=\"PopSlotParagraph qg-tx2 qg-xtra-lh svelte-1r0pyek\">Pour Fran\u00e7ois Civil\u00a0:<\/p>\n<p class=\"PopSlotParagraph qg-tx2 qg-xtra-lh svelte-1r0pyek\">&#8211; Livre **\u00a0\u00bb<strong>Di Caprio \u2013 Le Roi Leo\u00a0\u00bb<\/strong>\u00a0(2025) de Guillaume Evin &#8211; Hugo Image<\/p>\n<p class=\"PopSlotParagraph qg-tx2 qg-xtra-lh svelte-1r0pyek\">Pour Charlotte Rampling\u00a0:<\/p>\n<p class=\"PopSlotParagraph qg-tx2 qg-xtra-lh svelte-1r0pyek\">&#8211; Film **\u00a0\u00bb<strong>La B\u00eate s\u2019\u00c9veille\u00a0\u00bb<\/strong> (1954) de Joseph Losey \u2013 Chez Studio Canal<\/p>\n<p class=\"PopSlotParagraph qg-tx2 qg-xtra-lh svelte-1r0pyek\">Pour Nadia Tereszkiewicz\u00a0:<\/p>\n<p class=\"PopSlotParagraph qg-tx2 qg-xtra-lh svelte-1r0pyek\">&#8211; Film **\u00a0\u00bb<strong>Arc de Triomphe\u00a0\u00bb<\/strong> (1948) de Lewis Milestone \u2013 Chez Rimini \u00c9ditions<\/p>\n","protected":false},"excerpt":{"rendered":"Fran\u00e7ois Civil et Charlotte Rampling dans le film d&rsquo;Arnaud Desplechin \u00ab\u00a0Deux Pianos\u00a0\u00bb, en salles le 16 cotobre 2025.&hellip;\n","protected":false},"author":2,"featured_media":455047,"comment_status":"","ping_status":"","sticky":false,"template":"","format":"standard","meta":{"footnotes":""},"categories":[1359],"tags":[58,59,1011,27,973],"class_list":{"0":"post-455046","1":"post","2":"type-post","3":"status-publish","4":"format-standard","5":"has-post-thumbnail","7":"category-people","8":"tag-divertissement","9":"tag-entertainment","10":"tag-fr","11":"tag-france","12":"tag-people"},"share_on_mastodon":{"url":"https:\/\/pubeurope.com\/@fr\/115355611630934046","error":""},"_links":{"self":[{"href":"https:\/\/www.europesays.com\/fr\/wp-json\/wp\/v2\/posts\/455046","targetHints":{"allow":["GET"]}}],"collection":[{"href":"https:\/\/www.europesays.com\/fr\/wp-json\/wp\/v2\/posts"}],"about":[{"href":"https:\/\/www.europesays.com\/fr\/wp-json\/wp\/v2\/types\/post"}],"author":[{"embeddable":true,"href":"https:\/\/www.europesays.com\/fr\/wp-json\/wp\/v2\/users\/2"}],"replies":[{"embeddable":true,"href":"https:\/\/www.europesays.com\/fr\/wp-json\/wp\/v2\/comments?post=455046"}],"version-history":[{"count":0,"href":"https:\/\/www.europesays.com\/fr\/wp-json\/wp\/v2\/posts\/455046\/revisions"}],"wp:featuredmedia":[{"embeddable":true,"href":"https:\/\/www.europesays.com\/fr\/wp-json\/wp\/v2\/media\/455047"}],"wp:attachment":[{"href":"https:\/\/www.europesays.com\/fr\/wp-json\/wp\/v2\/media?parent=455046"}],"wp:term":[{"taxonomy":"category","embeddable":true,"href":"https:\/\/www.europesays.com\/fr\/wp-json\/wp\/v2\/categories?post=455046"},{"taxonomy":"post_tag","embeddable":true,"href":"https:\/\/www.europesays.com\/fr\/wp-json\/wp\/v2\/tags?post=455046"}],"curies":[{"name":"wp","href":"https:\/\/api.w.org\/{rel}","templated":true}]}}