{"id":455050,"date":"2025-10-11T12:49:15","date_gmt":"2025-10-11T12:49:15","guid":{"rendered":"https:\/\/www.europesays.com\/fr\/455050\/"},"modified":"2025-10-11T12:49:15","modified_gmt":"2025-10-11T12:49:15","slug":"litterature-le-morvandiau-augustin-aurora-adapte-un-conte-de-fees-ancien-en-francais-moderne","status":"publish","type":"post","link":"https:\/\/www.europesays.com\/fr\/455050\/","title":{"rendered":"LITT\u00c9RATURE : Le Morvandiau Augustin Aurora adapte un conte de f\u00e9es ancien en fran\u00e7ais moderne"},"content":{"rendered":"<p><a href=\"https:\/\/www.infos-dijon.com\/.\/\" rel=\"nofollow noopener\" target=\"_blank\"><img decoding=\"async\" src=\"https:\/\/www.europesays.com\/fr\/wp-content\/uploads\/2025\/04\/home-blue.png\"\/><\/a> &gt; SORTIR, VOIR, ECOUTER, DECOUVRIR &gt; Sortir, voir, \u00e9couter, d\u00e9couvrir<img decoding=\"async\" class=\"newsFullImg  \" src=\"https:\/\/www.europesays.com\/fr\/wp-content\/uploads\/2025\/10\/98974_1_full.jpg\"\/><\/p>\n<p>L&rsquo;auteur lance une pr\u00e9vente par financement participatif de \u00abLa princesse Lionnette et le prince Coquerico\u00bb,\u00a0conte du XVIII\u00e8me si\u00e8cle.<\/p>\n<p>Augustin Aurora lance\u00a0 prochainement son ouvrage dans des conditions particuli\u00e8res via une collecte de pr\u00e9vente sur le site ulule.com. Il s&rsquo;agit de \u00a0\u00bb La Princesse Lionnette et le Prince Coquerico\u00a0\u00bb.<\/p>\n<p>Dans la tradition des contes de f\u00e9es du XVIII si\u00e8cle, d\u00e9couvrez un conte de Melle de Lubert \u00e9crit en 1743. \u00a0\u00bb La Princesse Lionnette et le Prince Coquerico\u00a0\u00bb s&rsquo;inscrit dans la lign\u00e9e des contes de Charles Perrault tel que le Chat Bott\u00e9, Cendrillon et bien d&rsquo;autres. Une histoire d&rsquo;amour d&rsquo;une jeune fille et d&rsquo;un p\u00e2tre tourment\u00e9 par une f\u00e9e mal\u00e9fique et prot\u00e9g\u00e9s par la f\u00e9e Tigreline.\u00a0<\/p>\n<p>Non r\u00e9\u00e9dit\u00e9 depuis 1785, cette adaptation en fran\u00e7ais moderne permet une lecture ais\u00e9e et fluide du texte.\u00a0<\/p>\n<p>Ma prochaine \u00ab\u00a0tourn\u00e9e\u00a0\u00bb C\u00f4te-d&rsquo;orienne\u00a0 :<br \/>D. 26 octobre 2025 : Salon du livre, Saulieu.<br \/>D. 7 d\u00e9cembre 2025 : March\u00e9 de No\u00ebl, La Roche en Brenil.<br \/>D. 14 d\u00e9cembre 2025 :\u00a0 No\u00ebl des Livres, Saint Germain de Mod\u00e9on.<\/p>\n<p><a href=\"https:\/\/fr.ulule.com\/la-princesse-lionnette-et-le-prince-coquericot\/preview\" target=\"_blank\" rel=\"nofollow noopener\">https:\/\/fr.ulule.com\/la-princesse-lionnette-et-le-&#8230;<\/a>\n\t\t\t\t\t\t\t<\/p>\n<p>Anciennement formateur en Fran\u00e7ais Langue Etrang\u00e8re aupr\u00e8s d\u2019un public en pr\u00e9-scolarisation ou en remobilisation sociale \u00e0 Mayotte, Augustin Aurora a adapt\u00e9 et sc\u00e9naris\u00e9 de nombreux contes et histoires pour ses \u00e9l\u00e8ves, publi\u00e9 des r\u00e9cits historiques sur sa r\u00e9gion de pr\u00e9dilection \u2013 le Morvan -, les moulins ou le bestiaire dans l\u2019art gothique en Bourgogne.\u00a0<\/p>\n<p>Communiqu\u00e9<\/p>\n","protected":false},"excerpt":{"rendered":"&gt; SORTIR, VOIR, ECOUTER, DECOUVRIR &gt; Sortir, voir, \u00e9couter, d\u00e9couvrir L&rsquo;auteur lance une pr\u00e9vente par financement participatif de&hellip;\n","protected":false},"author":2,"featured_media":455051,"comment_status":"","ping_status":"","sticky":false,"template":"","format":"standard","meta":{"footnotes":""},"categories":[1357],"tags":[1379,58,59,1011,27,1380],"class_list":{"0":"post-455050","1":"post","2":"type-post","3":"status-publish","4":"format-standard","5":"has-post-thumbnail","7":"category-livres","8":"tag-books","9":"tag-divertissement","10":"tag-entertainment","11":"tag-fr","12":"tag-france","13":"tag-livres"},"share_on_mastodon":{"url":"https:\/\/pubeurope.com\/@fr\/115355619979697842","error":""},"_links":{"self":[{"href":"https:\/\/www.europesays.com\/fr\/wp-json\/wp\/v2\/posts\/455050","targetHints":{"allow":["GET"]}}],"collection":[{"href":"https:\/\/www.europesays.com\/fr\/wp-json\/wp\/v2\/posts"}],"about":[{"href":"https:\/\/www.europesays.com\/fr\/wp-json\/wp\/v2\/types\/post"}],"author":[{"embeddable":true,"href":"https:\/\/www.europesays.com\/fr\/wp-json\/wp\/v2\/users\/2"}],"replies":[{"embeddable":true,"href":"https:\/\/www.europesays.com\/fr\/wp-json\/wp\/v2\/comments?post=455050"}],"version-history":[{"count":0,"href":"https:\/\/www.europesays.com\/fr\/wp-json\/wp\/v2\/posts\/455050\/revisions"}],"wp:featuredmedia":[{"embeddable":true,"href":"https:\/\/www.europesays.com\/fr\/wp-json\/wp\/v2\/media\/455051"}],"wp:attachment":[{"href":"https:\/\/www.europesays.com\/fr\/wp-json\/wp\/v2\/media?parent=455050"}],"wp:term":[{"taxonomy":"category","embeddable":true,"href":"https:\/\/www.europesays.com\/fr\/wp-json\/wp\/v2\/categories?post=455050"},{"taxonomy":"post_tag","embeddable":true,"href":"https:\/\/www.europesays.com\/fr\/wp-json\/wp\/v2\/tags?post=455050"}],"curies":[{"name":"wp","href":"https:\/\/api.w.org\/{rel}","templated":true}]}}