{"id":455054,"date":"2025-10-11T12:51:13","date_gmt":"2025-10-11T12:51:13","guid":{"rendered":"https:\/\/www.europesays.com\/fr\/455054\/"},"modified":"2025-10-11T12:51:13","modified_gmt":"2025-10-11T12:51:13","slug":"miki-reussit-son-examen-de-passage-a-lolympia","status":"publish","type":"post","link":"https:\/\/www.europesays.com\/fr\/455054\/","title":{"rendered":"Miki r\u00e9ussit son examen de passage \u00e0 l\u2019Olympia"},"content":{"rendered":"\n<p class=\"article__chapeau\">Quelques jours apr\u00e8s la sortie de son premier album, la chanteuse Miki, annonc\u00e9e comme la future championne de la sc\u00e8ne fran\u00e7aise, foulait hier la sc\u00e8ne de l\u2019Olympia. Et livrait un concert touchant et plut\u00f4t convaincant.<\/p>\n<p>              <a href=\"https:\/\/www.europesays.com\/fr\/wp-content\/uploads\/2025\/10\/1165bd6_upload-1-w2mkfcuu6wyg-miki-12-25499-dalle.jpg\" data-pswp-width=\"\" data-pswp-height=\"\" class=\"media__hd\" target=\"_blank\">      <img decoding=\"async\" fetchpriority=\"high\" src=\"https:\/\/www.europesays.com\/fr\/wp-content\/uploads\/2025\/10\/1165bd6_upload-1-w2mkfcuu6wyg-miki-12-25499-dalle.jpg\" class=\"media__picture js-media-zoom-main \" alt=\"Miki sur la sc\u00e8ne de l\u2019Olympia le 10\u00a0octobre 2025. \" title=\"Charlotte Mabille-Lamy \/ DALLE aprf\"\/>      <\/p>\n<p class=\"media__legend\"> Miki sur la sc\u00e8ne de l\u2019Olympia le 10\u00a0octobre 2025.   Charlotte Mabille-Lamy \/ DALLE aprf  <\/p>\n<p>     <\/a>                    <\/p>\n<p class=\"author author--simple\">Par  <a class=\"author author--link\" href=\"https:\/\/www.telerama.fr\/recherche\/articles?q=Johanna+Seban\" rel=\"nofollow noopener\" target=\"_blank\"> Johanna Seban <\/a>    <\/p>\n<p class=\"publication__date\">Publi\u00e9 le 11 octobre 2025 \u00e0 10h56<\/p>\n<p>   Partager   <\/p>\n<ul class=\"sharing-popin--results\">\n<li class=\"sharing-popin--item sharing-popin--item-container\"> Partage  <\/li>\n<li data-share=\"linkedin\" class=\"sharing-popin--item\">  LinkedIn <\/li>\n<li data-share=\"facebook\" class=\"sharing-popin--item\">  Facebook <\/li>\n<li data-share=\"mail\" data-social=\"mail\" class=\"sharing-popin--item\">  Envoyer par email <\/li>\n<li data-share=\"copy\" class=\"sharing-popin--item\">  Copier le lien <\/li>\n<\/ul>\n<p>        Favoris       <\/p>\n<p>                <a class=\"openapp__link\" data-event=\"click-open-app\" data-deep-link=\"tlrm:\/\/element?id=\/musique\/miki-reussit-son-examen-de-passage-a-l-olympia-7027785.php&amp;source=deeplink_site\">  Lire dans l&rsquo;application<br \/>\n  <\/a>                               <\/p>\n<p class=\"paragraph\">Est-ce parce qu\u2019elle est annonc\u00e9e depuis des mois comme la future reine de la sc\u00e8ne fran\u00e7aise que la chanteuse Miki divise autant\u00a0? Il y a ceux, d\u2019un c\u00f4t\u00e9, qui pr\u00e9disent \u00e0 la jeune femme le succ\u00e8s commercial d\u2019Ang\u00e8le, dont, pour ne rien arranger au raccourci, elle partage le label et l\u2019\u00e9quipe artistique. Et puis il y a, en face, une arm\u00e9e de d\u00e9tracteurs, comme souvent virulente sur le Net, qui voit dans la proposition \u2013 image d\u00e9braill\u00e9e mais ultra-travaill\u00e9e, vid\u00e9os taill\u00e9es pour faire le buzz \u2013 la marque d\u2019une cynique strat\u00e9gie marketing.Pour leur r\u00e9pondre, Miki a publi\u00e9 il y a quelques jours un premier album baptis\u00e9 Industry Plant, surnom donn\u00e9 aux artistes fabriqu\u00e9s de toutes pi\u00e8ces par l\u2019industrie musicale\u2026 Pied de nez, vraiment\u00a0? Ou preuve suppl\u00e9mentaire que le projet repose sur une communication bien ficel\u00e9e\u00a0? Son passage hier, sur la sc\u00e8ne de l\u2019Olympia \u00e0 Paris, donnait l\u2019occasion de trancher.<\/p>\n<p class=\"paragraph\">Premier constat une fois franchie la porte de la salle du boulevard des Capucines\u00a0: nous ne sommes ni les seuls \u2013 le lieu est plein \u00e0 craquer \u2013 ni les plus jeunes \u00e0 avoir r\u00e9pondu \u00e0 l\u2019appel. Une grande partie des fans de Miki n\u2019a pas encore pass\u00e9 son bac. Co\u00efncidence\u00a0? La jeune femme, sur les premiers morceaux, donne aussi l\u2019impression de passer un examen, entamant son set avec le timide Yes et ses paroles en forme d\u2019aveu. \u00ab\u00a0Je vomis tous les mots qu\u2019on dit sur moi sur Internet [\u2026] Yes, bien s\u00fbr que \u00e7a me blesse.\u00a0\u00bb<\/p>\n<p>                Une arm\u00e9e de fans (et d\u2019oreilles de lapins)                       <\/p>\n<p class=\"paragraph\">Il faudra quelques titres pour qu\u2019elle prenne ses aises. Entour\u00e9e de deux musiciens (un batteur et un second partenaire-couteau suisse, qui passe de la guitare \u00e0 la basse selon les chansons), Miki encha\u00eene ses morceaux, pour la plupart tr\u00e8s, voire un peu trop courts, qu\u2019une arm\u00e9e de fans reprend en ch\u0153ur comme si leur vie en d\u00e9pendait, les accompagnant d\u2019attitudes myst\u00e9rieuses &#8211; certains portent des oreilles de lapin, possible r\u00e9f\u00e9rence au titre Roger Rabbit, d\u2019autres, coll\u00e9gialement, exhibent des feuilles en papier\u2026 Ce qu\u2019on comprend d\u2019embl\u00e9e, en revanche, c\u2019est qu\u2019il nous sera difficile de cataloguer la chanteuse : ses compositions empruntent aux codes pop, rap et electro sans jamais vraiment choisir, avec un art de brouiller les pistes typique de sa g\u00e9n\u00e9ration.<\/p>\n<p class=\"paragraph\">Cet \u00e9clectisme, sa propri\u00e9taire le doit en partie \u00e0 son parcours. N\u00e9e \u00e0 Nice d\u2019une m\u00e8re cor\u00e9enne et d\u2019un p\u00e8re fran\u00e7ais, Miki a grandi au Luxembourg o\u00f9 elle a pratiqu\u00e9 pendant des ann\u00e9es le violon et le piano jazz. Partie \u00e9tudier \u00e0 Londres, elle a finalement d\u00e9couvert les musiques \u00e9lectroniques. R\u00e9sultat\u00a0: son r\u00e9pertoire oscille entre une pop taill\u00e9e pour le grand public et des \u00e9chapp\u00e9es \u00e9lectroniques plus rugueuses. Sur sc\u00e8ne, la chanteuse prolonge le grand \u00e9cart, n\u2019h\u00e9sitant pas \u00e0 citer la figure new-yorkaise pointue de l\u2019electro Oneohtrix Point Never dans une chanson, pour encha\u00eener, seule au piano, avec le tube plan\u00e9taire Tom\u2019s Dinner de Suzanne Vega.<\/p>\n<p>                Pop joueuse et formules choc                       <\/p>\n<p class=\"paragraph\">Si l\u2019enveloppe musicale est pop et joueuse, le propos reste sombre. Avant d\u2019\u00eatre confi\u00e9es \u00e0 une poign\u00e9e de producteurs, les compositions de Miki sont n\u00e9es dans sa t\u00eate, d\u2019un imaginaire qu\u2019elle situe au carrefour \u00ab\u00a0du na\u00eff et du malsain\u00a0\u00bb et qu\u2019on g\u00e9olocaliserait pour notre part au croisement de l\u2019intime et de l\u2019air du temps. La toxicit\u00e9 des r\u00e9seaux sociaux, les mains baladeuses d\u2019un ancien prof de sport, les amours contemporaines bancales, tout y passe\u2026<\/p>\n<p class=\"paragraph\">Cela suffit-il \u00e0 s\u00e9duire\u00a0? Plut\u00f4t. Certes, il y a, sur album comme sur sc\u00e8ne, de quoi alimenter le courroux de ses adversaires\u00a0: un mani\u00e9risme dans la voix, des bandes instrumentales qui semblent s\u2019\u00e9chapper des amplis ainsi qu\u2019une d\u00e9bauche de formules choc qui frise le syst\u00e9matisme. Mais l\u2019\u00e9nergie d\u00e9ploy\u00e9e par la chanteuse est contagieuse et certains de ses morceaux, irr\u00e9sistibles (le trouble Roger Rabbit, comme si l\u2019Aigle noir de Barbara \u00e9tait pass\u00e9 chez Disney, la d\u00e9claration bricol\u00e9e de jtm encore, la balade Hana One ou les impeccables Particule et \u00c9chec et mat). L\u2019ensemble, quoiqu\u2019encore fragile, reste d\u2019autant plus prometteur que Miki le fait fonctionner sans les artifices en vogue dans bon nombre de shows contemporains (nul changement de costume, nulle pyrotechnie inutile). De quoi, s\u2019il faut choisir un camp, opter pour celui de ses supporters.<\/p>\n<p class=\"paragraph\">Album Industry Plant (Structure)<\/p>\n<p class=\"edito__prefixe\">   \u00c0 lire aussi :   <\/p>\n<p class=\"edito__text-container\">     <a alt=\"Lire aussi\" href=\"https:\/\/www.telerama.fr\/musique\/miki-theodora-et-dal-les-nouvelles-stars-des-reseaux-a-l-epreuve-de-la-scene-au-printemps-de-bourges-7025313.php\" class=\"article__title--edito\" rel=\"nofollow noopener\" target=\"_blank\">Miki, Theodora et Dal\u00ed\u00a0: les nouvelles stars des r\u00e9seaux \u00e0 l\u2019\u00e9preuve de la sc\u00e8ne au Printemps de Bourges<\/a>  <\/p>\n","protected":false},"excerpt":{"rendered":"Quelques jours apr\u00e8s la sortie de son premier album, la chanteuse Miki, annonc\u00e9e comme la future championne de&hellip;\n","protected":false},"author":2,"featured_media":455055,"comment_status":"","ping_status":"","sticky":false,"template":"","format":"standard","meta":{"footnotes":""},"categories":[1355],"tags":[58,59,1011,27,1361,873],"class_list":{"0":"post-455054","1":"post","2":"type-post","3":"status-publish","4":"format-standard","5":"has-post-thumbnail","7":"category-musique","8":"tag-divertissement","9":"tag-entertainment","10":"tag-fr","11":"tag-france","12":"tag-music","13":"tag-musique"},"share_on_mastodon":{"url":"https:\/\/pubeurope.com\/@fr\/115355627384068148","error":""},"_links":{"self":[{"href":"https:\/\/www.europesays.com\/fr\/wp-json\/wp\/v2\/posts\/455054","targetHints":{"allow":["GET"]}}],"collection":[{"href":"https:\/\/www.europesays.com\/fr\/wp-json\/wp\/v2\/posts"}],"about":[{"href":"https:\/\/www.europesays.com\/fr\/wp-json\/wp\/v2\/types\/post"}],"author":[{"embeddable":true,"href":"https:\/\/www.europesays.com\/fr\/wp-json\/wp\/v2\/users\/2"}],"replies":[{"embeddable":true,"href":"https:\/\/www.europesays.com\/fr\/wp-json\/wp\/v2\/comments?post=455054"}],"version-history":[{"count":0,"href":"https:\/\/www.europesays.com\/fr\/wp-json\/wp\/v2\/posts\/455054\/revisions"}],"wp:featuredmedia":[{"embeddable":true,"href":"https:\/\/www.europesays.com\/fr\/wp-json\/wp\/v2\/media\/455055"}],"wp:attachment":[{"href":"https:\/\/www.europesays.com\/fr\/wp-json\/wp\/v2\/media?parent=455054"}],"wp:term":[{"taxonomy":"category","embeddable":true,"href":"https:\/\/www.europesays.com\/fr\/wp-json\/wp\/v2\/categories?post=455054"},{"taxonomy":"post_tag","embeddable":true,"href":"https:\/\/www.europesays.com\/fr\/wp-json\/wp\/v2\/tags?post=455054"}],"curies":[{"name":"wp","href":"https:\/\/api.w.org\/{rel}","templated":true}]}}