{"id":455056,"date":"2025-10-11T12:52:11","date_gmt":"2025-10-11T12:52:11","guid":{"rendered":"https:\/\/www.europesays.com\/fr\/455056\/"},"modified":"2025-10-11T12:52:11","modified_gmt":"2025-10-11T12:52:11","slug":"vin-diesel-reagit-aux-rumeurs-selon-lesquelles-le-prochain-fast-furious-a-ete-annule","status":"publish","type":"post","link":"https:\/\/www.europesays.com\/fr\/455056\/","title":{"rendered":"Vin Diesel r\u00e9agit aux rumeurs selon lesquelles le prochain \u00ab\u00a0Fast &#038; Furious\u00a0\u00bb a \u00e9t\u00e9 annul\u00e9"},"content":{"rendered":"<p>Vin Diesel semble avoir r\u00e9agi aux rumeurs qui circulent depuis quelque temps autour d\u2019une possible annulation de prochain <a href=\"https:\/\/www.20minutes.fr\/arts-stars\/people\/4176245-20251001-mandat-arret-lance-contre-tyrese-gibson-mort-chien-voisins\" rel=\"nofollow noopener\" target=\"_blank\" class=\"c-link c-link--is-underlined\">Fast &amp; Furious<\/a>. Des rumeurs suffisamment s\u00e9rieuses pour que le <a href=\"https:\/\/www.wsj.com\/business\/media\/fast-furious-sequel-news-1150f159\" rel=\"nofollow noopener\" target=\"_blank\" class=\"c-link c-link--is-underlined\">Wall Street Journal<\/a> s\u2019empare du sujet dans un article paru le week-end dernier et faisant \u00e9tat des nombreuses incertitudes dont souffrirait le projet, entre absence de sc\u00e9nario final et d\u00e9saccord sur le budget.<\/p>\n<p>D\u2019apr\u00e8s la publication, Universal aurait fix\u00e9 un plafond de 200\u00a0millions de dollars pour la production l\u00e0 o\u00f9 les porteurs du projet en esp\u00e8rent au moins 250\u00a0millions, ce qui reste en de\u00e7\u00e0 du budget faramineux de <a href=\"https:\/\/www.20minutes.fr\/cinema\/4038840-20230529-petite-sirene-fait-queue-poisson-vin-diesel-fast-and-furious-x\" rel=\"nofollow noopener\" target=\"_blank\" class=\"c-link c-link--is-underlined\">Fast X<\/a>, estim\u00e9 \u00e0 340\u00a0millions de dollars.<\/p>\n<p>Parmi les pistes \u00e9voqu\u00e9es pour r\u00e9duire les co\u00fbts figurent la diminution du temps d\u2019\u00e9cran de certaines stars \u2013 voire leur absence pure et simple \u2013 et un recentrage de la trame au niveau g\u00e9ographique, ce qui est coh\u00e9rent avec de pr\u00e9c\u00e9dentes d\u00e9clarations de <a href=\"https:\/\/www.20minutes.fr\/arts-stars\/people\/4172431-20250913-vin-diesel-fait-sortir-michael-caine-retraite-suite-dernier-chasseur-sorcieres\" rel=\"nofollow noopener\" target=\"_blank\" class=\"c-link c-link--is-underlined\">Vin Diesel<\/a> selon lesquelles le dernier volet se d\u00e9roulerait de nouveau \u00e0 Los Angeles.<\/p>\n<p>\u00ab\u00a0La cr\u00e9ativit\u00e9 est la cl\u00e9 de tout\u00a0\u00bb<\/p>\n<p>Face \u00e0 ces rumeurs, l\u2019acteur et producteur a publi\u00e9 une s\u00e9rie de messages cryptiques sur ses r\u00e9seaux sociaux. \u00ab\u00a0J\u2019ai souvent dit\u2026 La cr\u00e9ativit\u00e9 est la cl\u00e9 de tout. Quand on maintient l\u2019int\u00e9grit\u00e9, le reste suit\u00a0\u00bb, a-t-il \u00e9crit en l\u00e9gende d\u2019une <a href=\"https:\/\/www.instagram.com\/p\/DPb89oZkmbB\/\" rel=\"nofollow noopener\" target=\"_blank\" class=\"c-link c-link--is-underlined\">photo<\/a> sur Instagram o\u00f9 il appara\u00eet au c\u00f4t\u00e9 de Michelle Rodriguez. Quelques jours plus tard, la star publiait une <a href=\"https:\/\/www.instagram.com\/p\/DPf6NTRgBBx\/\" rel=\"nofollow noopener\" target=\"_blank\" class=\"c-link c-link--is-underlined\">nouvelle photo<\/a> de lui avec, en l\u00e9gende\u00a0: \u00ab\u00a0Osez r\u00eaver\u2026\u00a0\u00bb<\/p>\n<p>Dans un autre <a href=\"https:\/\/www.instagram.com\/p\/DPDmKOxDtI0\/?utm_source=ig_embed\" rel=\"nofollow noopener\" target=\"_blank\" class=\"c-link c-link--is-underlined\">message<\/a> publi\u00e9 le mois dernier, Vin Diesel avait \u00e9voqu\u00e9 l\u2019avenir de la franchise et son lien \u00ab\u00a0familial\u00a0\u00bb avec les fans. \u00ab\u00a0Ce que nous construisons pour la suite va honorer tout ce que vous aimez dans Fast tout en vous emmenant l\u00e0 o\u00f9 vous n\u2019\u00eates jamais all\u00e9s\u00a0\u00bb, avait-il promis, ajoutant\u00a0: \u00ab\u00a0Peu importe qui signe les ch\u00e8ques, cette famille vous r\u00e9pond \u00e0 vous.\u00a0\u00bb<\/p>\n<p><script async src=\"\/\/www.instagram.com\/embed.js\"><\/script><\/p>\n","protected":false},"excerpt":{"rendered":"Vin Diesel semble avoir r\u00e9agi aux rumeurs qui circulent depuis quelque temps autour d\u2019une possible annulation de prochain&hellip;\n","protected":false},"author":2,"featured_media":455057,"comment_status":"","ping_status":"","sticky":false,"template":"","format":"standard","meta":{"footnotes":""},"categories":[1354],"tags":[58,59,1346,1011,27,6116,58037,1360,973,34840,133,32468],"class_list":{"0":"post-455056","1":"post","2":"type-post","3":"status-publish","4":"format-standard","5":"has-post-thumbnail","7":"category-films","8":"tag-divertissement","9":"tag-entertainment","10":"tag-films","11":"tag-fr","12":"tag-france","13":"tag-los-angeles","14":"tag-michelle-rodriguez","15":"tag-movies","16":"tag-people","17":"tag-universal","18":"tag-video","19":"tag-vin-diesel"},"share_on_mastodon":{"url":"https:\/\/pubeurope.com\/@fr\/115355631215879118","error":""},"_links":{"self":[{"href":"https:\/\/www.europesays.com\/fr\/wp-json\/wp\/v2\/posts\/455056","targetHints":{"allow":["GET"]}}],"collection":[{"href":"https:\/\/www.europesays.com\/fr\/wp-json\/wp\/v2\/posts"}],"about":[{"href":"https:\/\/www.europesays.com\/fr\/wp-json\/wp\/v2\/types\/post"}],"author":[{"embeddable":true,"href":"https:\/\/www.europesays.com\/fr\/wp-json\/wp\/v2\/users\/2"}],"replies":[{"embeddable":true,"href":"https:\/\/www.europesays.com\/fr\/wp-json\/wp\/v2\/comments?post=455056"}],"version-history":[{"count":0,"href":"https:\/\/www.europesays.com\/fr\/wp-json\/wp\/v2\/posts\/455056\/revisions"}],"wp:featuredmedia":[{"embeddable":true,"href":"https:\/\/www.europesays.com\/fr\/wp-json\/wp\/v2\/media\/455057"}],"wp:attachment":[{"href":"https:\/\/www.europesays.com\/fr\/wp-json\/wp\/v2\/media?parent=455056"}],"wp:term":[{"taxonomy":"category","embeddable":true,"href":"https:\/\/www.europesays.com\/fr\/wp-json\/wp\/v2\/categories?post=455056"},{"taxonomy":"post_tag","embeddable":true,"href":"https:\/\/www.europesays.com\/fr\/wp-json\/wp\/v2\/tags?post=455056"}],"curies":[{"name":"wp","href":"https:\/\/api.w.org\/{rel}","templated":true}]}}