{"id":455062,"date":"2025-10-11T12:55:10","date_gmt":"2025-10-11T12:55:10","guid":{"rendered":"https:\/\/www.europesays.com\/fr\/455062\/"},"modified":"2025-10-11T12:55:10","modified_gmt":"2025-10-11T12:55:10","slug":"truc-en-plumes-et-paillettes-amal-clooney-rayonne-au-bras-de-george-clooney-a-londres","status":"publish","type":"post","link":"https:\/\/www.europesays.com\/fr\/455062\/","title":{"rendered":"Truc en plumes et paillettes, Amal Clooney rayonne au bras de George Clooney \u00e0 Londres"},"content":{"rendered":"<p>Elle lui fait voir la vie en rose. Sur le tapis rouge du 69e BFI London Film Festival, vendredi 10\u00a0octobre 2025, Amal Clooney, tout en rose p\u00e2le, a brill\u00e9 sous les yeux de son mari George Clooney, \u00e9merveill\u00e9. L\u2019avocate des droits de l\u2019Homme portait un bustier rose couvert de sequins \u00e0 jupe frang\u00e9e avec un boa assorti, tombant sur ses \u00e9paules. De quoi lui permettre de voler la vedette \u00e0 l\u2019acteur, pourtant des plus \u00e9l\u00e9gants en costume bleu marine.<\/p>\n<p>George Clooney pr\u00e9sentait <a href=\"https:\/\/www.parismatch.com\/culture\/cinema\/critique-de-venise-jay-kelly-noah-baumbach-taille-un-costard-a-george-clooney-256252\" rel=\"nofollow noopener\" target=\"_blank\">\u00ab\u00a0Jay Kelly\u00a0\u00bb, le nouveau film de Noah Baumbach<\/a> &#8211; \u00e0 qui l\u2019on doit notamment \u00ab\u00a0Marriage Story\u00a0\u00bb (2019) -, au festival londonien. De plus en plus rare \u00e0 l\u2019\u00e9cran, l\u2019acteur de 64\u00a0ans a accept\u00e9 de jouer Jay Kelly, une star de cin\u00e9ma vieillissante pouss\u00e9e \u00e0 faire le bilan lorsqu\u2019elle re\u00e7oit un prix d\u2019honneur lors d\u2019un festival italien. Un r\u00f4le sur mesure pour George Clooney, qui a accept\u00e9 sans h\u00e9siter de jouer l\u2019autod\u00e9rision.<\/p>\n<p>    La suite apr\u00e8s cette publicit\u00e9<\/p>\n<p>\u00ab\u00a0\u00c0 mon \u00e2ge, quand on tombe sur un r\u00f4le comme \u00e7a, \u00e7a ne se refuse pas\u00a0\u00bb, a-t-il assur\u00e9 \u00e0 \u00ab\u00a0<a href=\"https:\/\/www.vanityfair.fr\/article\/george-clooney-et-adam-sandler-dans-jay-kelly-cest-quoi-etre-une-star-de-cinema\" rel=\"nofollow noopener\" target=\"_blank\">Vanity Fair\u00a0<\/a>\u00bb. Et d\u2019ajouter\u00a0: \u00ab\u00a0Si tu n\u2019arrives pas \u00e0 faire la paix avec le vieillissement, tu dois quitter ce m\u00e9tier et t\u2019effacer. Aujourd\u2019hui, quand je cours apr\u00e8s un m\u00e9chant, c\u2019est dr\u00f4le. Pas haletant. Et \u00e7a me va tr\u00e8s bien. J\u2019assume.\u00a0\u00bb <a href=\"https:\/\/www.parismatch.com\/bio\/george-clooney\" rel=\"nofollow noopener\" target=\"_blank\">George Clooney<\/a> pr\u00e9f\u00e8re s\u2019amuser que se retirer. En plus, cela lui permet de retrouver ses amis\u00a0: Laura Dern, avec qui il a fait ses d\u00e9buts dans \u00ab\u00a0Grizzly II\u00a0: Revenge\u00a0\u00bb (1983) et Adam Sandler, copain de longue date.<\/p>\n<p>    La suite apr\u00e8s cette publicit\u00e9<\/p>\n<p>Adam Sandler et Jackie Sandler\u00a0: baisers enflamm\u00e9s sur le tapis rouge<\/p>\n<p>Sur le tapis rouge du BFI London Film Festival, Amal et George Clooney ont justement retrouv\u00e9 Adam Sandler (qui joue Ron, l\u2019agent de Jay Kelly) au bras de son \u00e9pouse Jackie, qui ont multipli\u00e9 les d\u00e9monstrations d\u2019effusion\u00a0; ainsi que Noah Baumbach, venue avec sa femme Greta Gerwig, qui fait une apparition dans \u00ab\u00a0Jay Kelly\u00a0\u00bb, ou encore Isla Fisher, resplendissante en robe blanche. Si \u00ab\u00a0Jay Kelly\u00a0\u00bb sortira dans quelques salles aux \u00c9tats-Unis en octobre, il sera diffus\u00e9 sur Netflix d\u00e8s le 7\u00a0novembre.<\/p>\n","protected":false},"excerpt":{"rendered":"Elle lui fait voir la vie en rose. Sur le tapis rouge du 69e BFI London Film Festival,&hellip;\n","protected":false},"author":2,"featured_media":455063,"comment_status":"","ping_status":"","sticky":false,"template":"","format":"standard","meta":{"footnotes":""},"categories":[8],"tags":[58,59,1011,27],"class_list":{"0":"post-455062","1":"post","2":"type-post","3":"status-publish","4":"format-standard","5":"has-post-thumbnail","7":"category-divertissement","8":"tag-divertissement","9":"tag-entertainment","10":"tag-fr","11":"tag-france"},"share_on_mastodon":{"url":"https:\/\/pubeurope.com\/@fr\/115355643143429233","error":""},"_links":{"self":[{"href":"https:\/\/www.europesays.com\/fr\/wp-json\/wp\/v2\/posts\/455062","targetHints":{"allow":["GET"]}}],"collection":[{"href":"https:\/\/www.europesays.com\/fr\/wp-json\/wp\/v2\/posts"}],"about":[{"href":"https:\/\/www.europesays.com\/fr\/wp-json\/wp\/v2\/types\/post"}],"author":[{"embeddable":true,"href":"https:\/\/www.europesays.com\/fr\/wp-json\/wp\/v2\/users\/2"}],"replies":[{"embeddable":true,"href":"https:\/\/www.europesays.com\/fr\/wp-json\/wp\/v2\/comments?post=455062"}],"version-history":[{"count":0,"href":"https:\/\/www.europesays.com\/fr\/wp-json\/wp\/v2\/posts\/455062\/revisions"}],"wp:featuredmedia":[{"embeddable":true,"href":"https:\/\/www.europesays.com\/fr\/wp-json\/wp\/v2\/media\/455063"}],"wp:attachment":[{"href":"https:\/\/www.europesays.com\/fr\/wp-json\/wp\/v2\/media?parent=455062"}],"wp:term":[{"taxonomy":"category","embeddable":true,"href":"https:\/\/www.europesays.com\/fr\/wp-json\/wp\/v2\/categories?post=455062"},{"taxonomy":"post_tag","embeddable":true,"href":"https:\/\/www.europesays.com\/fr\/wp-json\/wp\/v2\/tags?post=455062"}],"curies":[{"name":"wp","href":"https:\/\/api.w.org\/{rel}","templated":true}]}}