{"id":455068,"date":"2025-10-11T12:58:11","date_gmt":"2025-10-11T12:58:11","guid":{"rendered":"https:\/\/www.europesays.com\/fr\/455068\/"},"modified":"2025-10-11T12:58:11","modified_gmt":"2025-10-11T12:58:11","slug":"le-collectif-genz-212-annonce-suspendre-les-manifestations-pour-le-week-end-liberation","status":"publish","type":"post","link":"https:\/\/www.europesays.com\/fr\/455068\/","title":{"rendered":"le collectif GenZ 212 annonce suspendre les manifestations pour le week-end \u2013 Lib\u00e9ration"},"content":{"rendered":"<p class=\"sc-cPiKLX AiZTS text-element\">Un r\u00e9pit pour le mouvement social au Maroc. Au lendemain d\u2019un discours <a href=\"https:\/\/www.liberation.fr\/international\/afrique\/maroc-pourquoi-le-roi-mohammed-vi-appelle-a-renoncer-au-sacrifice-du-mouton-pour-laid-20250227_CWZ3DWSVJJACTOWE73762WFNUA\/\" target=\"_blank\" rel=\"noopener\" title=\"https:\/\/www.liberation.fr\/international\/afrique\/maroc-pourquoi-le-roi-mohammed-vi-appelle-a-renoncer-au-sacrifice-du-mouton-pour-laid-20250227_CWZ3DWSVJJACTOWE73762WFNUA\/\">du roi, Mohammed VI<\/a>, qui a appel\u00e9 le gouvernement \u00e0 acc\u00e9l\u00e9rer les r\u00e9formes sociales, <a href=\"https:\/\/www.liberation.fr\/international\/afrique\/maroc-le-royaume-ebranle-par-une-semaine-de-revolte-de-la-generation-z-20251003_DVE437MS7NAFNK6UNVGFT2WOYI\/\" target=\"_blank\" rel=\"noopener\" title=\"https:\/\/www.liberation.fr\/international\/afrique\/maroc-le-royaume-ebranle-par-une-semaine-de-revolte-de-la-generation-z-20251003_DVE437MS7NAFNK6UNVGFT2WOYI\/\">le collectif de jeunes GenZ 212<\/a> a annonc\u00e9 ce samedi 11 octobre la \u00absuspension\u00bb de ses manifestations pour le week-end. Cette pause est \u00abune \u00e9tape strat\u00e9gique visant \u00e0 renforcer l\u2019organisation et la coordination, afin de garantir que la prochaine phase du mouvement soit plus efficace et plus influente\u00bb, a pr\u00e9cis\u00e9 le mouvement. Le collectif a affirm\u00e9 dans un communiqu\u00e9 que ses revendications \u2212 <a href=\"https:\/\/www.liberation.fr\/international\/afrique\/maroc-pour-la-generation-z-la-promesse-de-liberte-de-justice-et-de-dignite-na-pas-ete-tenue-20251002_WIJBL2JP35FKTEHIJSQFOTU3MA\/\" target=\"_blank\" rel=\"noopener\" title=\"https:\/\/www.liberation.fr\/international\/afrique\/maroc-pour-la-generation-z-la-promesse-de-liberte-de-justice-et-de-dignite-na-pas-ete-tenue-20251002_WIJBL2JP35FKTEHIJSQFOTU3MA\/\">qui portent notamment sur des r\u00e9formes dans la sant\u00e9 et l\u2019\u00e9ducation<\/a> \u2212 demeuraient inchang\u00e9es, exigeant que les \u00abcorrompus\u00bb rendent des comptes et que la responsabilit\u00e9 du gouvernement soit \u00e9tablie \u00abface \u00e0 la d\u00e9gradation des conditions sociales et \u00e9conomiques\u00bb. <\/p>\n<p class=\"sc-cPiKLX AiZTS text-element\">Un nouvel appel \u00e0 la mobilisation \u00e0 une date ult\u00e9rieure doit \u00eatre annonc\u00e9 ce samedi. Depuis le 27 septembre, le collectif GenZ 212, qui compte plus de 200 000 adh\u00e9rents sur la plateforme Discord et dont les fondateurs sont anonymes, <a href=\"https:\/\/www.liberation.fr\/international\/afrique\/tension-sociale-croissante-au-maroc-la-generation-z-se-mobilise-face-aux-defaillances-du-service-public-20250930_OOAGLKM2HNCO5EZQ3XLDRPE6OU\/\" target=\"_blank\" rel=\"noopener\" title=\"https:\/\/www.liberation.fr\/international\/afrique\/tension-sociale-croissante-au-maroc-la-generation-z-se-mobilise-face-aux-defaillances-du-service-public-20250930_OOAGLKM2HNCO5EZQ3XLDRPE6OU\/\">organise presque chaque soir des rassemblements \u00e0 travers le Maroc<\/a>, r\u00e9unissant plusieurs dizaines ou plusieurs centaines de personnes. Des manifestations qui s\u2019inscrivent dans un mouvement de protestation n\u00e9 mi-septembre apr\u00e8s la mort, \u00e0 l\u2019h\u00f4pital public d\u2019Agadir, dans le sud du pays, de huit femmes enceintes admises pour des c\u00e9sariennes. <\/p>\n<p class=\"sc-cPiKLX AiZTS text-element\">Le collectif s\u2019est d\u00e9velopp\u00e9 en dehors des partis politiques et des organisations syndicales, et a choisi de s\u2019adresser directement au roi, Mohammed VI, pour lui faire part de ses revendications. Vendredi, dans un discours \u00e0 l\u2019occasion de l\u2019ouverture de la session parlementaire d\u2019automne, lors de laquelle il fixe chaque ann\u00e9e les priorit\u00e9s du pays, le souverain a press\u00e9 le gouvernement d\u2019acc\u00e9l\u00e9rer les programmes de d\u00e9veloppement, notamment dans l\u2019\u00e9ducation et la sant\u00e9, sans \u00e9voquer directement les manifestations de jeunes.<\/p>\n<p class=\"sc-cPiKLX AiZTS text-element\">Il a assur\u00e9 que le Maroc \u00abse frayait un chemin s\u00fbr vers une plus grande justice sociale et territoriale\u00bb, appelant l\u2019ex\u00e9cutif \u00e0 \u00abaccorder un int\u00e9r\u00eat particulier aux r\u00e9gions en situation de tr\u00e8s grande pr\u00e9carit\u00e9\u00bb. Au Maroc, <a href=\"https:\/\/www.liberation.fr\/international\/afrique\/au-maroc-les-inegalites-sociales-se-creusent-vingt-cinq-ans-apres-lintronisation-de-mohammed-vi-20240729_AQCS7OSSA5GKBIWBIAWAA3EO7Q\/\" target=\"_blank\" rel=\"noopener\" title=\"https:\/\/www.liberation.fr\/international\/afrique\/au-maroc-les-inegalites-sociales-se-creusent-vingt-cinq-ans-apres-lintronisation-de-mohammed-vi-20240729_AQCS7OSSA5GKBIWBIAWAA3EO7Q\/\">les in\u00e9galit\u00e9s sociales demeurent un d\u00e9fi majeur<\/a>. Le pays est marqu\u00e9 par de fortes disparit\u00e9s r\u00e9gionales et un \u00e9cart persistant entre les secteurs public et priv\u00e9. <\/p>\n","protected":false},"excerpt":{"rendered":"Un r\u00e9pit pour le mouvement social au Maroc. Au lendemain d\u2019un discours du roi, Mohammed VI, qui a&hellip;\n","protected":false},"author":2,"featured_media":455069,"comment_status":"","ping_status":"","sticky":false,"template":"","format":"standard","meta":{"footnotes":""},"categories":[5],"tags":[11,1011,27,56408,14,2223,12,28],"class_list":{"0":"post-455068","1":"post","2":"type-post","3":"status-publish","4":"format-standard","5":"has-post-thumbnail","7":"category-international","8":"tag-actualites","9":"tag-fr","10":"tag-france","11":"tag-gen-z","12":"tag-international","13":"tag-maroc","14":"tag-news","15":"tag-world"},"share_on_mastodon":{"url":"https:\/\/pubeurope.com\/@fr\/115355654828448181","error":""},"_links":{"self":[{"href":"https:\/\/www.europesays.com\/fr\/wp-json\/wp\/v2\/posts\/455068","targetHints":{"allow":["GET"]}}],"collection":[{"href":"https:\/\/www.europesays.com\/fr\/wp-json\/wp\/v2\/posts"}],"about":[{"href":"https:\/\/www.europesays.com\/fr\/wp-json\/wp\/v2\/types\/post"}],"author":[{"embeddable":true,"href":"https:\/\/www.europesays.com\/fr\/wp-json\/wp\/v2\/users\/2"}],"replies":[{"embeddable":true,"href":"https:\/\/www.europesays.com\/fr\/wp-json\/wp\/v2\/comments?post=455068"}],"version-history":[{"count":0,"href":"https:\/\/www.europesays.com\/fr\/wp-json\/wp\/v2\/posts\/455068\/revisions"}],"wp:featuredmedia":[{"embeddable":true,"href":"https:\/\/www.europesays.com\/fr\/wp-json\/wp\/v2\/media\/455069"}],"wp:attachment":[{"href":"https:\/\/www.europesays.com\/fr\/wp-json\/wp\/v2\/media?parent=455068"}],"wp:term":[{"taxonomy":"category","embeddable":true,"href":"https:\/\/www.europesays.com\/fr\/wp-json\/wp\/v2\/categories?post=455068"},{"taxonomy":"post_tag","embeddable":true,"href":"https:\/\/www.europesays.com\/fr\/wp-json\/wp\/v2\/tags?post=455068"}],"curies":[{"name":"wp","href":"https:\/\/api.w.org\/{rel}","templated":true}]}}