{"id":455070,"date":"2025-10-11T12:59:11","date_gmt":"2025-10-11T12:59:11","guid":{"rendered":"https:\/\/www.europesays.com\/fr\/455070\/"},"modified":"2025-10-11T12:59:11","modified_gmt":"2025-10-11T12:59:11","slug":"une-lettre-alertant-sur-un-risque-dattentat-ce-week-end-decouverte-dans-la-cathedrale-notre-dame","status":"publish","type":"post","link":"https:\/\/www.europesays.com\/fr\/455070\/","title":{"rendered":"une lettre alertant sur un risque d\u2019attentat ce week-end d\u00e9couverte dans la cath\u00e9drale Notre-Dame"},"content":{"rendered":"<p>\n    <strong>INFO LE FIGARO &#8211;<\/strong> Ce message retrouv\u00e9 vendredi appelait \u00e0 ne pas ouvrir les portes de la cath\u00e9drale car des couteaux y avaient \u00e9t\u00e9 cach\u00e9s pour \u00abfaire un carnage\u00bb. Des v\u00e9rifications ont \u00e9t\u00e9 effectu\u00e9es par les forces de l\u2019ordre.<\/p>\n<p class=\"fig-paragraph\">\u00abIls feront un carnage.\u00bb Une lettre anonyme affirmant qu\u2019un\u00a0<a href=\"http:\/\/www.lefigaro.fr\/faits-divers\/j-ai-toujours-peur-que-ca-se-reproduise-un-an-apres-l-attentat-arras-panse-ses-plaies-et-affiche-son-besoin-de-justice-20241009\" target=\"_blank\" data-fig-type=\"Article\" rel=\"noopener\" data-gtm-custom-categorie=\"navigation\" data-gtm-custom-action=\"crossclick\" data-gtm-custom-label=\"Contextuel\" data-gtm-event=\"customEventSPE\" data-fig-domain=\"LEFIGARO\">attentat\u00a0<\/a>allait \u00eatre commis dans\u00a0<a href=\"http:\/\/www.lefigaro.fr\/histoire\/dossier\/toute-l-histoire-de-notre-dame-de-paris-de-sa-construction-a-sa-renaissance\" target=\"_blank\" data-fig-type=\"Topic\" rel=\"noopener\" data-gtm-custom-categorie=\"navigation\" data-gtm-custom-action=\"crossclick\" data-gtm-custom-label=\"Contextuel\" data-gtm-event=\"customEventSPE\" data-fig-domain=\"LEFIGARO\">la cath\u00e9drale Notre-Dame<\/a>\u00a0durant ce week-end du 11 et 12 octobre a \u00e9t\u00e9 retrouv\u00e9e vendredi apr\u00e8s-midi par une sacristaine, a appris Le Figaro de source polici\u00e8re. Le message, dactylographi\u00e9, \u00e9tait pos\u00e9 pr\u00e8s des cierges et indiquait\u00a0: \u00abN\u2019ouvrez pas la cath\u00e9drale le 11 et 12 octobre il y aura des visiteurs \u00e9trangers qui, gr\u00e2ce \u00e0 l\u2019aide d\u2019autres visiteurs, ont d\u00e9j\u00e0 cach\u00e9 des couteaux dans la cath\u00e9drale ces derniers jours, ils feront un carnage. N\u2019ouvrez pas la cath\u00e9drale SVP.\u00bb<\/p>\n<p class=\"fig-paragraph\">Le service de s\u00e9curit\u00e9 du site a imm\u00e9diatement \u00e9t\u00e9 alert\u00e9. S\u2019il n\u2019a pas \u00e9vacu\u00e9 l\u2019\u00e9difice religieux, il a proc\u00e9d\u00e9 \u00e0 des v\u00e9rifications afin d\u2019\u00e9carter toute menace. \u00abLes fouilles ont permis une lev\u00e9e de doute\u00bb d\u00e8s vendredi soir, indique la pr\u00e9fecture de police de Paris (PP). Et d\u2019ajouter\u00a0: \u00abAvant la r\u00e9ouverture de la cath\u00e9drale au public ce samedi matin, une inspection de s\u00e9curit\u00e9 r\u00e9alis\u00e9e conjointement par les services de\u2026<\/p>\n<p class=\"fig-premium-paywall__infos\">\n        Cet article est r\u00e9serv\u00e9 aux abonn\u00e9s.        Il vous reste 39% \u00e0 d\u00e9couvrir.\n    <\/p>\n<p>                <img  data- alt=\"Le Figaro\" class=\"fig-img--complete fig-img\"\/><\/p>\n<p class=\"fig-premium-paywall__title\">J-100, Le Figaro f\u00eate ses 200 ans<\/p>\n<p class=\"fig-premium-paywall__subtitle\">Offre anniversaire : 2\u20ac\/mois pendant 200 semaines<\/p>\n<p class=\"fig-premium-paywall__connect\">\n                D\u00e9j\u00e0 abonn\u00e9\u00a0?                <a class=\"fig-premium-paywall__connect-link\" href=\"https:\/\/connect.lefigaro.fr\/login?client=horizon_web&amp;type=main&amp;redirect_uri=https%3A%2F%2Fwww.lefigaro.fr%2Ffaits-divers%2Fparis-une-lettre-alertant-sur-un-risque-d-attentat-ce-week-end-decouverte-dans-la-cathedrale-notre-dame-20251011\" data-js-gtm=\"{&quot;customCategorie&quot;: &quot;conversion&quot;, &quot;customAction&quot;: &quot;before_Landing_Connexion_paywall_auto&quot;, &quot;customLabel&quot;: &quot;bGVmaWdhcm8uZnJfXzFmMGE2ODM5LWQ0MmEtNjhlMi04ZGI2LTA1ZmFmNmFkMTg0Nl9fTmV3c0ZsYXNo_Paris\u00a0: une lettre alertant sur un risque d\u2019attentat ce week-end d\u00e9couverte dans la cath\u00e9drale Notre-Dame_426&quot;, &quot;customIDSPE&quot;: &quot;bGVmaWdhcm8uZnJfXzFmMGE2ODM5LWQ0MmEtNjhlMi04ZGI2LTA1ZmFmNmFkMTg0Nl9fTmV3c0ZsYXNo&quot;, &quot;event&quot;: &quot;customEventSPE&quot;}\" target=\"_blank\" rel=\"noopener\"><br \/>\n                    Connectez-vous<br \/>\n                <\/a>\n            <\/p>\n","protected":false},"excerpt":{"rendered":"INFO LE FIGARO &#8211; Ce message retrouv\u00e9 vendredi appelait \u00e0 ne pas ouvrir les portes de la cath\u00e9drale&hellip;\n","protected":false},"author":2,"featured_media":455071,"comment_status":"","ping_status":"","sticky":false,"template":"","format":"standard","meta":{"footnotes":""},"categories":[4],"tags":[11,1011,27,12,1049,626,25],"class_list":{"0":"post-455070","1":"post","2":"type-post","3":"status-publish","4":"format-standard","5":"has-post-thumbnail","7":"category-france","8":"tag-actualites","9":"tag-fr","10":"tag-france","11":"tag-news","12":"tag-notre-dame","13":"tag-paris","14":"tag-republique-francaise"},"share_on_mastodon":{"url":"https:\/\/pubeurope.com\/@fr\/115355658838143772","error":""},"_links":{"self":[{"href":"https:\/\/www.europesays.com\/fr\/wp-json\/wp\/v2\/posts\/455070","targetHints":{"allow":["GET"]}}],"collection":[{"href":"https:\/\/www.europesays.com\/fr\/wp-json\/wp\/v2\/posts"}],"about":[{"href":"https:\/\/www.europesays.com\/fr\/wp-json\/wp\/v2\/types\/post"}],"author":[{"embeddable":true,"href":"https:\/\/www.europesays.com\/fr\/wp-json\/wp\/v2\/users\/2"}],"replies":[{"embeddable":true,"href":"https:\/\/www.europesays.com\/fr\/wp-json\/wp\/v2\/comments?post=455070"}],"version-history":[{"count":0,"href":"https:\/\/www.europesays.com\/fr\/wp-json\/wp\/v2\/posts\/455070\/revisions"}],"wp:featuredmedia":[{"embeddable":true,"href":"https:\/\/www.europesays.com\/fr\/wp-json\/wp\/v2\/media\/455071"}],"wp:attachment":[{"href":"https:\/\/www.europesays.com\/fr\/wp-json\/wp\/v2\/media?parent=455070"}],"wp:term":[{"taxonomy":"category","embeddable":true,"href":"https:\/\/www.europesays.com\/fr\/wp-json\/wp\/v2\/categories?post=455070"},{"taxonomy":"post_tag","embeddable":true,"href":"https:\/\/www.europesays.com\/fr\/wp-json\/wp\/v2\/tags?post=455070"}],"curies":[{"name":"wp","href":"https:\/\/api.w.org\/{rel}","templated":true}]}}