{"id":455084,"date":"2025-10-11T13:08:16","date_gmt":"2025-10-11T13:08:16","guid":{"rendered":"https:\/\/www.europesays.com\/fr\/455084\/"},"modified":"2025-10-11T13:08:16","modified_gmt":"2025-10-11T13:08:16","slug":"seance-de-rappel-a-lordre-en-salle-du-conseil-municipal","status":"publish","type":"post","link":"https:\/\/www.europesays.com\/fr\/455084\/","title":{"rendered":"S\u00e9ance de rappel \u00e0 l&rsquo;ordre en salle du conseil municipal"},"content":{"rendered":"<p>Le 9 octobre, la salle du conseil municipal a accueilli une nouvelle s\u00e9ance de rappel \u00e0 l\u2019ordre. Sous l\u2019autorit\u00e9 du procureur de la R\u00e9publique, d\u00e9l\u00e9gu\u00e9e \u00e0 la Ville de Montpellier, il s\u2019agit de convoquer des personnes ayant commis des infractions mineures sur l\u2019espace public qui ne donnent pas lieu \u00e0 d\u00e9p\u00f4t de plainte. La discussion franche d\u2019une vingtaine de minutes ne d\u00e9bouche sur aucune sanction. L\u2019id\u00e9e \u00e9tant surtout que le mis en cause ne reproduise pas les faits reproch\u00e9s. Six personnes \u00e9taient concern\u00e9es par cette s\u00e9ance pour des faits de malpropret\u00e9, de m\u00e9diation non aboutie ou de consommation de protoxyde d\u2019azote. Le maire, ou un adjoint, conduit les d\u00e9bats tandis que le directeur de la Police municipale rappelle les faits. \u00c9vocation de deux affaires en particulier.<\/p>\n<p><strong>\u00ab\u00a0Je n\u2019en consomme pas\u00a0\u00bb<\/strong><\/p>\n<p>Amine (1) a 16 ans et habite \u00e0 Saint-Martin. Mineur, il compara\u00eet avec son p\u00e8re qui \u00e9l\u00e8ve seul ses cinq enfants apr\u00e8s un r\u00e9cent veuvage. T\u00eate baiss\u00e9e, blotti dans son fauteuil, il \u00e9coute les faits reproch\u00e9s et r\u00e9pond d\u2019une voix timide. Le 29 ao\u00fbt, en milieu de matin\u00e9e, Amine a \u00e9t\u00e9 interpell\u00e9 dans le mail Alain Bashung alors qu\u2019il consommait du protoxyde d\u2019azote en compagnie d\u2019un jeune de 22 ans. Une infraction qu\u2019il a reconnue. Il est d\u00e9j\u00e0 connu de la Police, notamment pour des faits de tapage nocturne dans les cages d\u2019escalier.<\/p>\n<ul>\n<li>\u00ab Vous savez que la consommation de protoxyde d\u2019azote est interdite\u00a0? Vous savez que cela peut laisser des traces dans le cerveau d\u00e8s la premi\u00e8re ou la seconde prise\u00a0ainsi que des paralysies ? \u00bb, questionne le repr\u00e9sentant de la collectivit\u00e9.\u00a0<\/li>\n<li>\u00ab Oui, je le sais mais je n\u2019en consomme pas. C\u2019\u00e9tait juste pour essayer \u00bb,\u00a0r\u00e9pond Amine.\u00a0<\/li>\n<\/ul>\n<p>Actuellement \u00e9l\u00e8ve de 1\u00e8re dans un lyc\u00e9e technique, Amine a des difficult\u00e9s scolaires li\u00e9es au fait qu\u2019il est dans une fili\u00e8re qui ne l\u2019int\u00e9resse pas trop. C\u2019est ensuite son p\u00e8re qui prend sa d\u00e9fense.\u00a0<\/p>\n<ul>\n<li>\u00ab\u00a0J\u2019habite au 3e \u00e9tage. Je peux vous assurer que tout le quartier est infest\u00e9 de produits illicites. Tout le monde conna\u00eet l\u2019\u00e9picerie qui est en bas. Vous aussi. M\u00eame \u00e0 3h du matin, il y a des gens qui viennent acheter et qui klaxonnent. \u00bb<\/li>\n<li>\u00ab\u00a0Nous le savons et nous faisons des contr\u00f4les r\u00e9guliers mais soyez exigeant avec votre fils monsieur. \u00bb<\/li>\n<li>\u00ab\u00a0Je vous assure que je le suis. Mais je ne peux pas non plus l\u2019encha\u00eener. Comment voulez-vous qu\u2019\u00e0 un moment, il ne soit pas lui aussi tent\u00e9\u00a0! \u00bb\u00a0<\/li>\n<\/ul>\n<p>Amine devient spectateur et ne dit plus rien.\u00a0Son p\u00e8re s\u2019\u00e9carte quelque peu, \u00e9voque des demandes de logements rest\u00e9es vaines depuis 2012 pour changer d\u2019environnement. Il est propos\u00e9 une rencontre avec l\u2019\u00e9quipe de pr\u00e9vention et l\u2019\u00e9ducateur de la Maison pour tous afin qu\u2019Amine soit r\u00e9ellement conscient des risques encourus. Son p\u00e8re acquiesce.\u00a0<\/p>\n<p><strong>Des d\u00e9p\u00f4ts sauvages<\/strong><\/p>\n<p>Hakim (1) est g\u00e9rant de deux restaurants dans la rue de l\u2019Aiguillerie. Les services de la Ville de Montpellier ont verbalis\u00e9 ses commerces \u00e0 cinq reprises pour \u00ab\u00a0abandon de d\u00e9chets sur la voie publique\u00a0\u00bb entre avril et juillet derniers. Une des amendes \u00e9tait m\u00eame accompagn\u00e9e de la refacturation du co\u00fbt de l\u2019enl\u00e8vement des sacs par la M\u00e9tropole. Mais les abandons de d\u00e9chets ont continu\u00e9 et constituent de fait des d\u00e9p\u00f4ts sauvages.\u00a0<\/p>\n<ul>\n<li>\u00ab Je reconnais le souci de juillet. Mais j\u2019ai 12 salari\u00e9s et il n\u2019est pas facile de montrer \u00e0 tous o\u00f9 d\u00e9poser les d\u00e9chets dans des endroits ad\u00e9quats \u00bb, assure le mis en cause avec cran. \u00ab Mais aujourd\u2019hui, le probl\u00e8me est r\u00e9gl\u00e9. Le probl\u00e8me est qu\u2019il n\u2019y a pas assez de bennes. On est dix restos dans la rue et il n\u2019y a que trois bennes \u00bb.\u00a0<\/li>\n<li>\u00ab Former les employ\u00e9s au traitement des d\u00e9chets est une obligation pour l\u2019employeur. Le probl\u00e8me des bennes n\u2019est pas une excuse. On ne laisse pas des sacs au sol. Si la benne est pleine, on garde les sacs chez soi et on jette le lendemain. Je vous rappelle que la Ville ramasse les d\u00e9chets m\u00e9nagers mais elle n\u2019est pas oblig\u00e9e de prendre les d\u00e9chets des activit\u00e9s \u00e9conomiques. Ils ne sont tol\u00e9r\u00e9s que s\u2019il y a de la place. Sinon, c\u2019est \u00e0 vous de vous organiser avec un prestataire priv\u00e9. Votre production est trop importante pour les d\u00e9chets m\u00e9nagers \u00bb, r\u00e9pondent les repr\u00e9sentants des services. Et puis il y a un autre aspect essentiel \u00e9voqu\u00e9 par le Premier magistrat.<\/li>\n<li>\u00ab Vous travaillez dans la rue de l\u2019Aiguillerie. C\u2019est l\u2019une des plus belles rues du centre de Montpellier. Vous devez respecter l\u2019espace public car il en va de l\u2019image de notre ville. \u00bb \u00a0<\/li>\n<\/ul>\n<p>Comme la situation s\u2019est effectivement am\u00e9lior\u00e9e ces derniers temps, l\u2019int\u00e9ress\u00e9 en est quitte avec un rappel aux r\u00e8gles et \u00e0 la n\u00e9cessit\u00e9 de trier ses biod\u00e9chets et d\u2019\u00e9vacuer correctement ses sacs et ses cartons. Il se retire en r\u00e9p\u00e9tant que le probl\u00e8me est r\u00e9gl\u00e9.<\/p>\n<p><strong>\u00a0 \u00a0<\/strong><\/p>\n<ol>\n<li><strong>\u00a0Il s\u2019agit de pr\u00e9noms d\u2019emprunt.\u00a0<\/strong><\/li>\n<\/ol>\n","protected":false},"excerpt":{"rendered":"Le 9 octobre, la salle du conseil municipal a accueilli une nouvelle s\u00e9ance de rappel \u00e0 l\u2019ordre. Sous&hellip;\n","protected":false},"author":2,"featured_media":455085,"comment_status":"","ping_status":"","sticky":false,"template":"","format":"standard","meta":{"footnotes":""},"categories":[9599],"tags":[1111,11,1777,674,1011,27,2208,12,2680,25],"class_list":{"0":"post-455084","1":"post","2":"type-post","3":"status-publish","4":"format-standard","5":"has-post-thumbnail","7":"category-montpellier","8":"tag-actu","9":"tag-actualites","10":"tag-eu","11":"tag-europe","12":"tag-fr","13":"tag-france","14":"tag-montpellier","15":"tag-news","16":"tag-occitanie","17":"tag-republique-francaise"},"share_on_mastodon":{"url":"https:\/\/pubeurope.com\/@fr\/115355694225767050","error":""},"_links":{"self":[{"href":"https:\/\/www.europesays.com\/fr\/wp-json\/wp\/v2\/posts\/455084","targetHints":{"allow":["GET"]}}],"collection":[{"href":"https:\/\/www.europesays.com\/fr\/wp-json\/wp\/v2\/posts"}],"about":[{"href":"https:\/\/www.europesays.com\/fr\/wp-json\/wp\/v2\/types\/post"}],"author":[{"embeddable":true,"href":"https:\/\/www.europesays.com\/fr\/wp-json\/wp\/v2\/users\/2"}],"replies":[{"embeddable":true,"href":"https:\/\/www.europesays.com\/fr\/wp-json\/wp\/v2\/comments?post=455084"}],"version-history":[{"count":0,"href":"https:\/\/www.europesays.com\/fr\/wp-json\/wp\/v2\/posts\/455084\/revisions"}],"wp:featuredmedia":[{"embeddable":true,"href":"https:\/\/www.europesays.com\/fr\/wp-json\/wp\/v2\/media\/455085"}],"wp:attachment":[{"href":"https:\/\/www.europesays.com\/fr\/wp-json\/wp\/v2\/media?parent=455084"}],"wp:term":[{"taxonomy":"category","embeddable":true,"href":"https:\/\/www.europesays.com\/fr\/wp-json\/wp\/v2\/categories?post=455084"},{"taxonomy":"post_tag","embeddable":true,"href":"https:\/\/www.europesays.com\/fr\/wp-json\/wp\/v2\/tags?post=455084"}],"curies":[{"name":"wp","href":"https:\/\/api.w.org\/{rel}","templated":true}]}}