{"id":455088,"date":"2025-10-11T13:10:11","date_gmt":"2025-10-11T13:10:11","guid":{"rendered":"https:\/\/www.europesays.com\/fr\/455088\/"},"modified":"2025-10-11T13:10:11","modified_gmt":"2025-10-11T13:10:11","slug":"rouen-un-drapeau-tricolore-hisse-sur-la-cathedrale-une-plainte-deposee","status":"publish","type":"post","link":"https:\/\/www.europesays.com\/fr\/455088\/","title":{"rendered":"Rouen : un drapeau tricolore hiss\u00e9 sur la cath\u00e9drale, une plainte d\u00e9pos\u00e9e"},"content":{"rendered":"<p>\tRouen : un drapeau tricolore hiss\u00e9 sur la cath\u00e9drale, une plainte d\u00e9pos\u00e9e &#8211; Valeurs actuelles<\/p>\n<p><a href=\"https:\/\/www.valeursactuelles.com\/\" target=\"_blank\" rel=\"noopener\">Accueil<\/a> \u00bb <a href=\"https:\/\/www.valeursactuelles.com\/faits-divers\" target=\"_blank\" rel=\"noopener\">Faits divers<\/a> \u00bb Rouen : un drapeau tricolore hiss\u00e9 sur la cath\u00e9drale, une plainte d\u00e9pos\u00e9e<\/p>\n","protected":false},"excerpt":{"rendered":"Rouen : un drapeau tricolore hiss\u00e9 sur la cath\u00e9drale, une plainte d\u00e9pos\u00e9e &#8211; Valeurs actuelles Accueil \u00bb Faits&hellip;\n","protected":false},"author":2,"featured_media":455089,"comment_status":"","ping_status":"","sticky":false,"template":"","format":"standard","meta":{"footnotes":""},"categories":[9587],"tags":[1111,11,13601,12159,12336,1777,674,1011,27,12,5161,2634,25,9590],"class_list":{"0":"post-455088","1":"post","2":"type-post","3":"status-publish","4":"format-standard","5":"has-post-thumbnail","7":"category-rouen","8":"tag-actu","9":"tag-actualites","10":"tag-cathedrale","11":"tag-drapeau","12":"tag-eglise","13":"tag-eu","14":"tag-europe","15":"tag-fr","16":"tag-france","17":"tag-news","18":"tag-normandie","19":"tag-plainte","20":"tag-republique-francaise","21":"tag-rouen"},"share_on_mastodon":{"url":"https:\/\/pubeurope.com\/@fr\/115355702099108288","error":""},"_links":{"self":[{"href":"https:\/\/www.europesays.com\/fr\/wp-json\/wp\/v2\/posts\/455088","targetHints":{"allow":["GET"]}}],"collection":[{"href":"https:\/\/www.europesays.com\/fr\/wp-json\/wp\/v2\/posts"}],"about":[{"href":"https:\/\/www.europesays.com\/fr\/wp-json\/wp\/v2\/types\/post"}],"author":[{"embeddable":true,"href":"https:\/\/www.europesays.com\/fr\/wp-json\/wp\/v2\/users\/2"}],"replies":[{"embeddable":true,"href":"https:\/\/www.europesays.com\/fr\/wp-json\/wp\/v2\/comments?post=455088"}],"version-history":[{"count":0,"href":"https:\/\/www.europesays.com\/fr\/wp-json\/wp\/v2\/posts\/455088\/revisions"}],"wp:featuredmedia":[{"embeddable":true,"href":"https:\/\/www.europesays.com\/fr\/wp-json\/wp\/v2\/media\/455089"}],"wp:attachment":[{"href":"https:\/\/www.europesays.com\/fr\/wp-json\/wp\/v2\/media?parent=455088"}],"wp:term":[{"taxonomy":"category","embeddable":true,"href":"https:\/\/www.europesays.com\/fr\/wp-json\/wp\/v2\/categories?post=455088"},{"taxonomy":"post_tag","embeddable":true,"href":"https:\/\/www.europesays.com\/fr\/wp-json\/wp\/v2\/tags?post=455088"}],"curies":[{"name":"wp","href":"https:\/\/api.w.org\/{rel}","templated":true}]}}