{"id":455090,"date":"2025-10-11T13:11:21","date_gmt":"2025-10-11T13:11:21","guid":{"rendered":"https:\/\/www.europesays.com\/fr\/455090\/"},"modified":"2025-10-11T13:11:21","modified_gmt":"2025-10-11T13:11:21","slug":"exposition-rouge-comme-neige-la-montagne-se-teinte-de-mystere","status":"publish","type":"post","link":"https:\/\/www.europesays.com\/fr\/455090\/","title":{"rendered":"Exposition Rouge comme neige : la montagne se teinte de myst\u00e8re"},"content":{"rendered":"<p>\t\t\t\t\t\u00c9V\u00c9NEMENT \u2013 Le Mus\u00e9um de Grenoble invite \u00e0 explo\u00adrer un mys\u00adt\u00e8re qui intrigue les scien\u00adti\u00adfiques depuis Aristote\u00a0: la neige rouge, avec une expo\u00adsi\u00adtion au nom bien choisi\u00a0: Rouge comme neige. Entre art, science et po\u00e9\u00adsie de la mon\u00adtagne, l\u2019exposition pro\u00adpose de d\u00e9cou\u00advrir les mys\u00adt\u00e8res du man\u00adteau blanc et la vie qu\u2019elle abrite, du 11 octobre 2025 au 26 juillet 2026.<\/p>\n<p>C\u2019est une enqu\u00eate scien\u00adti\u00adfique autant que po\u00e9\u00adtique que raconte Rouge comme neige, la nou\u00advelle expo\u00adsi\u00adtion du Mus\u00e9um de Grenoble qui se pour\u00adsui\u00advra jus\u00adqu\u2019\u00e0 l\u2019\u00e9t\u00e9 2026. En effet, il arrive que la neige rou\u00adgisse. Non pas par sous l\u2019ef\u00adfet des grains de sable du Sahara, mais plu\u00adt\u00f4t de l\u2019int\u00e9rieur. On la sur\u00adnomme alors le \u00ab\u00a0sang des glaciers\u00a0\u00bb.<\/p>\n<p>Surgissant au prin\u00adtemps, lorsque la fonte s\u2019amorce et que le blanc s\u2019adoucit, le ph\u00e9\u00adno\u00adm\u00e8ne a de quoi sur\u00adprendre. Il fas\u00adcine en tout cas les cher\u00adcheurs depuis Aristote, qui \u00e9vo\u00adquaient d\u00e9j\u00e0 ces \u00ab\u00a0neiges vieillis\u00adsantes\u00a0\u00bb qu\u2019ils croyaient habi\u00adt\u00e9es de minus\u00adcules cr\u00e9a\u00adtures n\u00e9es du froid.\u00a0Depuis, les hypo\u00adth\u00e8ses se sont suc\u00adc\u00e9d\u00e9 \u2013 pous\u00adsi\u00e8re min\u00e9\u00adrale, pol\u00adlu\u00adtion, sable du Sahara \u2013 pour r\u00e9soudre le mys\u00adt\u00e8re. Et s\u2019il se jouait ailleurs\u00a0? Dans la mati\u00e8re m\u00eame de la neige, dans la vie qu\u2019elle rec\u00e8le peut-\u00eatre\u00a0?<\/p>\n<p><img fetchpriority=\"high\" decoding=\"async\" aria-describedby=\"caption-attachment-662035\" class=\"size-full wp-image-662035\" src=\"data:image\/svg+xml,%3Csvg%20xmlns=\" http:=\"\" alt=\"Exposition Rouge comme neige au Mus\u00e9um de Grenoble \u00a9 Mathilde Bouley - Place Gre\u2019net\" width=\"2048\" height=\"1536\" data-lazy- data-lazy- data-lazy-src=\"https:\/\/www.europesays.com\/fr\/wp-content\/uploads\/2025\/10\/exposition-rouge-comme-neige-museum-grenoble-1-1-scaled.jpg\"\/><\/p>\n<p id=\"caption-attachment-662035\" class=\"wp-caption-text\">Exposition Rouge comme neige au Mus\u00e9um de Grenoble \u00a9 Mathilde Bouley \u2013 Place Gre\u2019net<\/p>\n<p>Du ter\u00adrain au labo\u00adra\u00adtoire, une enqu\u00eate tou\u00adjours en\u00a0cours<\/p>\n<p>Ces colo\u00adra\u00adtions \u00e9ph\u00e9\u00adm\u00e8res, que les cher\u00adcheurs appellent aujourd\u2019hui des blooms (flo\u00adrai\u00adsons) conti\u00adnuent en tout cas de pas\u00adsion\u00adner la com\u00admu\u00adnaut\u00e9 scien\u00adti\u00adfique. Depuis 2017, le pro\u00adjet <a href=\"https:\/\/alpalga.fr\/\" rel=\"nofollow noopener\" target=\"_blank\">Alpalga<\/a>, port\u00e9 par cinq labo\u00adra\u00adtoires gre\u00adno\u00adblois, explore ainsi la diver\u00adsit\u00e9 encore m\u00e9con\u00adnue des <a href=\"https:\/\/www.placegrenet.fr\/2021\/06\/11\/des-chercheurs-grenoblois-se-lancent-a-la-decouverte-des-micro-algues-des-neiges-en-montagne\/535126\" rel=\"nofollow noopener\" target=\"_blank\">micro-orga\u00adnismes qui peuplent les neiges d\u2019altitude.<\/a><\/p>\n<p>Et les scien\u00adti\u00adfiques le savent\u00a0: pour per\u00adcer le secret de ce rouge, il faut \u00eatre l\u00e0 au bon moment, avant que la neige ne dis\u00adpa\u00adraisse tota\u00adle\u00adment. Une course contre la montre que le r\u00e9chauf\u00adfe\u00adment cli\u00adma\u00adtique rend plus urgente encore. Car au fil de la fonte, les mon\u00adtagnes changent \u2013 et ce qui se joue sous nos pieds raconte d\u00e9j\u00e0 un peu du monde de demain.<\/p>\n<p>Sons d\u2019exp\u00e9ditions, images de mon\u00adtagnes et ins\u00adtal\u00adla\u00adtions immersives<\/p>\n<p>Microscopes anciens, sons d\u2019exp\u00e9ditions, images de mon\u00adtagnes et ins\u00adtal\u00adla\u00adtions immer\u00adsives invitent \u00e0 tou\u00adcher, \u00e9cou\u00adter, obser\u00adver autre\u00adment. L\u2019exposition Rouge comme neige s\u2019adresse \u00e0 un public large, gr\u00e2ce \u00e0 une m\u00e9dia\u00adtion ludique et acces\u00adsible qui rend les d\u00e9cou\u00advertes scien\u00adti\u00adfiques com\u00adpr\u00e9\u00adhen\u00adsibles \u00e0 tous les\u00a0\u00e2ges.<\/p>\n<p>Une expo\u00adsi\u00adtion pen\u00ads\u00e9e \u00e0 plu\u00adsieurs voix entre la Ville de Grenoble, le CNRS, M\u00e9t\u00e9o France, le <a href=\"https:\/\/www.placegrenet.fr\/2024\/08\/06\/le-jardin-du-lautaret-propriete-de-luniversite-grenoble-alpes-distingue-par-le-prix-de-lart-du-jardin\/634030\" rel=\"nofollow noopener\" target=\"_blank\">Jardin du Lautaret <\/a>et l\u2019Universit\u00e9 Grenoble Alpes, orches\u00adtr\u00e9e par \u00c9ric Mar\u00e9chal, cher\u00adcheur au Laboratoire de phy\u00adsio\u00adlo\u00adgie cel\u00adlu\u00adlaire et v\u00e9g\u00e9\u00adtale (CNRS).<\/p>\n<p>Aux c\u00f4t\u00e9s des scien\u00adti\u00adfiques, des artistes, comme Charlotte Gautier Van Tour, pr\u00e9\u00adsentent des \u0153uvres \u00ab\u00a0vivantes\u00a0\u00bb qui s\u2019al\u00adt\u00e8rent, comme la nature o\u00f9 rien ne reste fig\u00e9. C\u2019est tout l\u2019esprit du lieu\u00a0: faire dia\u00adlo\u00adguer les dis\u00adci\u00adplines pour mieux com\u00adprendre ce qui nous entoure.<\/p>\n<blockquote>\n<p><strong>Le saviez-vous\u00a0? <\/strong><\/p>\n<p>Dans un flo\u00adcon de neige ou sur un dos poilu, la vie se cache par\u00adfois o\u00f9 on ne l\u2019attend pas. Vous pour\u00adrez ainsi croi\u00adser un pares\u00adseux s\u2019accrochant aux murs du Mus\u00e9um. Cet ani\u00admal, r\u00e9put\u00e9 pour sa len\u00adteur, abrite tout un monde dans sa four\u00adrure\u00a0: mousses, cham\u00adpi\u00adgnons, micro-organismes\u2026\u00a0<\/p>\n<p><img loading=\"lazy\" decoding=\"async\" aria-describedby=\"caption-attachment-662032\" class=\"size-full wp-image-662032\" src=\"data:image\/svg+xml,%3Csvg%20xmlns=\" http:=\"\" alt=\"Paresseux naturalis\u00e9 \u00e0 l\u2019exposition Rouge comme neige au Mus\u00e9um de Grenoble \u00a9Mathilde Bouley - Place Gre\u2019net\" width=\"2048\" height=\"1536\" data-lazy- data-lazy- data-lazy-src=\"https:\/\/www.europesays.com\/fr\/wp-content\/uploads\/2025\/10\/exposition-rouge-comme-neige-museum-grenoble-3-1-scaled.jpg\"\/><\/p>\n<p id=\"caption-attachment-662032\" class=\"wp-caption-text\">Paresseux natu\u00adra\u00adlis\u00e9 \u00e0 l\u2019exposition Rouge comme neige au Mus\u00e9um de Grenoble \u00a9Mathilde Bouley \u2013 Place Gre\u2019net<\/p>\n<\/blockquote>\n<p>Une pro\u00adgram\u00adma\u00adtion asso\u00adci\u00e9e pro\u00adlonge cette immer\u00adsion\u00a0: visites gui\u00add\u00e9es et sco\u00adlaires, ate\u00adliers par\u00adti\u00adci\u00adpa\u00adtifs, tables rondes men\u00adsuelles avec des cher\u00adcheurs\u2026 Et m\u00eame un espace o\u00f9 cha\u00adcun peut lais\u00adser ses ques\u00adtions aux scien\u00adti\u00adfiques, qui y r\u00e9pon\u00addront au fil de la saison.<br \/>Le d\u00e9tail com\u00adplet est \u00e0 retrou\u00adver sur\u00a0<a href=\"https:\/\/www.grenoble.fr\/206-l-agenda-du-museum.htm\" rel=\"nofollow noopener\" target=\"_blank\">le site du Mus\u00e9um<\/a>.<\/p>\n<p>Et ce rouge neige\u00a0alors\u00a0?<br \/>\n<img loading=\"lazy\" decoding=\"async\" aria-describedby=\"caption-attachment-662036\" class=\"size-full wp-image-662036\" src=\"data:image\/svg+xml,%3Csvg%20xmlns=\" http:=\"\" alt=\"Algue responsable de la coloration rouge de la neige \u00e0 l\u2019exposition Rouge comme neige au Mus\u00e9um de Grenoble \u00a9Mathilde Bouley - Place Gre\u2019net\" width=\"2048\" height=\"1536\" data-lazy- data-lazy- data-lazy-src=\"https:\/\/www.europesays.com\/fr\/wp-content\/uploads\/2025\/10\/exposition-rouge-comme-neige-museum-grenoble-5-scaled.jpg\"\/><\/p>\n<p id=\"caption-attachment-662036\" class=\"wp-caption-text\">La res\u00adpon\u00adsable de la colo\u00adra\u00adtion rouge de la neige \u00e0 l\u2019exposition Rouge comme neige au Mus\u00e9um de Grenoble \u00a9Mathilde Bouley \u2013 Place Gre\u2019net<\/p>\n<p>Faut-il d\u00e9voi\u00adler le mys\u00adt\u00e8re\u00a0? Disons sim\u00adple\u00adment que ce rouge n\u2019est ni du sang, ni du sable, ni une illu\u00adsion d\u2019optique. Il est bien le signe d\u2019une vie minus\u00adcule, obs\u00adti\u00adn\u00e9e, qui trouve refuge jusque dans la neige. Mais pour en savoir plus et com\u00adprendre l\u2019origine de la colo\u00adra\u00adtion des gla\u00adciers, le mieux est de rendre au Mus\u00e9um de Grenoble\u00a0!<\/p>\n<blockquote>\n<p><strong>I<\/strong><strong>nfor\u00adma\u00adtions pratiques\u00a0:\u00a0<\/strong><\/p>\n<p><strong>O\u00f9\u00a0? :\u00a0<\/strong>Mus\u00e9um de Grenoble \u2013 1 rue Dolomieu 38000 Grenoble\u00a0<\/p>\n<p><strong>Quand\u00a0? :\u00a0<\/strong>du 11 octobre 2025 au 26 juillet 2026\u00a0<\/p>\n<p>&#8211; du mardi au ven\u00addredi de 9 h 15 \u00e0 12 h 15 et de 13 h 30 \u00e0 18\u00a0h.<\/p>\n<p>&#8211;\u00a0les same\u00addis, dimanches et jours f\u00e9ri\u00e9s de 14 h \u00e0 18\u00a0h.<\/p>\n<p><strong>Comment\u00a0? :<\/strong> entr\u00e9e libre et gratuite<\/p>\n<p><strong>Pour plus d\u2019informations\u00a0:\u00a0<\/strong>04 76 44 05\u00a035<\/p>\n<\/blockquote>\n","protected":false},"excerpt":{"rendered":"\u00c9V\u00c9NEMENT \u2013 Le Mus\u00e9um de Grenoble invite \u00e0 explo\u00adrer un mys\u00adt\u00e8re qui intrigue les scien\u00adti\u00adfiques depuis Aristote\u00a0: la&hellip;\n","protected":false},"author":2,"featured_media":455091,"comment_status":"","ping_status":"","sticky":false,"template":"","format":"standard","meta":{"footnotes":""},"categories":[9566],"tags":[1111,11,2430,1777,674,1011,27,2731,12,25],"class_list":{"0":"post-455090","1":"post","2":"type-post","3":"status-publish","4":"format-standard","5":"has-post-thumbnail","7":"category-grenoble","8":"tag-actu","9":"tag-actualites","10":"tag-auvergne-rhone-alpes","11":"tag-eu","12":"tag-europe","13":"tag-fr","14":"tag-france","15":"tag-grenoble","16":"tag-news","17":"tag-republique-francaise"},"share_on_mastodon":{"url":"https:\/\/pubeurope.com\/@fr\/115355706069117155","error":""},"_links":{"self":[{"href":"https:\/\/www.europesays.com\/fr\/wp-json\/wp\/v2\/posts\/455090","targetHints":{"allow":["GET"]}}],"collection":[{"href":"https:\/\/www.europesays.com\/fr\/wp-json\/wp\/v2\/posts"}],"about":[{"href":"https:\/\/www.europesays.com\/fr\/wp-json\/wp\/v2\/types\/post"}],"author":[{"embeddable":true,"href":"https:\/\/www.europesays.com\/fr\/wp-json\/wp\/v2\/users\/2"}],"replies":[{"embeddable":true,"href":"https:\/\/www.europesays.com\/fr\/wp-json\/wp\/v2\/comments?post=455090"}],"version-history":[{"count":0,"href":"https:\/\/www.europesays.com\/fr\/wp-json\/wp\/v2\/posts\/455090\/revisions"}],"wp:featuredmedia":[{"embeddable":true,"href":"https:\/\/www.europesays.com\/fr\/wp-json\/wp\/v2\/media\/455091"}],"wp:attachment":[{"href":"https:\/\/www.europesays.com\/fr\/wp-json\/wp\/v2\/media?parent=455090"}],"wp:term":[{"taxonomy":"category","embeddable":true,"href":"https:\/\/www.europesays.com\/fr\/wp-json\/wp\/v2\/categories?post=455090"},{"taxonomy":"post_tag","embeddable":true,"href":"https:\/\/www.europesays.com\/fr\/wp-json\/wp\/v2\/tags?post=455090"}],"curies":[{"name":"wp","href":"https:\/\/api.w.org\/{rel}","templated":true}]}}