{"id":455094,"date":"2025-10-11T13:13:44","date_gmt":"2025-10-11T13:13:44","guid":{"rendered":"https:\/\/www.europesays.com\/fr\/455094\/"},"modified":"2025-10-11T13:13:44","modified_gmt":"2025-10-11T13:13:44","slug":"la-commune-de-chevaigne-va-payer-la-dette-de-son-ancienne-creche","status":"publish","type":"post","link":"https:\/\/www.europesays.com\/fr\/455094\/","title":{"rendered":"La commune de Chevaign\u00e9 va payer la dette de son ancienne cr\u00e8che"},"content":{"rendered":"<p>Le conseil municipal de Chevaign\u00e9 s\u2019est retrouv\u00e9, mardi 7\u00a0octobre 2025. Plusieurs points \u00e9taient \u00e0 l\u2019ordre du jour. Les \u00e9lus de Chevaign\u00e9 ont approuv\u00e9 une poign\u00e9e de d\u00e9lib\u00e9rations.<\/p>\n<p>Remise gracieuse<\/p>\n<p><a href=\"https:\/\/rennes.maville.com\/actu\/actudet_-budget-2025-l-ouverture-du-restaurant-municipal-de-chevaigne-attendue-cet-ete-_7-6741810_actu.Htm\" target=\"_self\" rel=\"noopener\">Le budget 2025 a \u00e9t\u00e9 modifi\u00e9<\/a> pour plusieurs raisons. Apr\u00e8s la fermeture d\u00e9finitive du multi-accueil Les Korrigans, la mairie a d\u00e9cid\u00e9 de ne pas engager de d\u00e9marches pour recouvrer les sommes dues. Le montant total de cette \u00a0remise gracieuse\u00a0 s\u2019\u00e9l\u00e8ve \u00e0 67\u00a0141\u00a0\u20ac. Ce montant comprend des impay\u00e9s de loyer de 2023, 2024 et des six\u00a0premiers mois de 2025. \u00a0Ces montants comprennent aussi la refacturation du m\u00e9nage, de l\u2019\u00e9lectricit\u00e9, de l\u2019eau et d\u2019autres frais de fonctionnement\u00a0, pr\u00e9cise la d\u00e9lib\u00e9ration. <a href=\"https:\/\/rennes.maville.com\/actu\/actudet_-pres-de-rennes-cette-creche-associative-va-fermer-ses-portes-faute-de-finances-_7-6818042_actu.Htm\" target=\"_self\" rel=\"noopener\">En juin dernier, fautes de moyens<\/a>, la cr\u00e8che associative bas\u00e9e \u00e0 Chevaign\u00e9 avait ferm\u00e9 ses portes. La mairie, propri\u00e9taire des locaux, a r\u00e9cup\u00e9r\u00e9 les cl\u00e9s.<\/p>\n<p>Chauffage urbain<\/p>\n<p>Les \u00e9lus ont d\u00e9cid\u00e9 d\u2019augmenter les cr\u00e9dits 2025 pour les factures de gaz et d\u2019assurance de la commune, \u00e0 hauteur de 22\u00a0718\u00a0\u20ac, dont 20\u00a0000\u00a0\u20ac pour le seul chauffage urbain.<\/p>\n<p>Services techniques<\/p>\n<p>\u00a0Au vu des premi\u00e8res estimations pour la r\u00e9novation et l\u2019extension des services techniques, on doit s\u2019attendre \u00e0 un compl\u00e9ment de cr\u00e9dits de 55\u00a0000\u00a0\u20ac\u00a0, indique la d\u00e9lib\u00e9ration. Des augmentations de cr\u00e9dits sont vot\u00e9es aussi pour la voirie, les r\u00e9seaux et le restaurant municipal,<a href=\"https:\/\/rennes.maville.com\/actu\/actudet_-a-chevaigne-le-restaurant-scolaire-n-ouvrira-pas-en-septembre-_7-6885857_actu.Htm\" target=\"_self\" rel=\"noopener\"> dont les travaux devraient se terminer d\u2019ici la fin des cong\u00e9s d\u2019automne<\/a>. Au total, <a href=\"https:\/\/rennes.maville.com\/actu\/actudet_-budget-2025-l-ouverture-du-restaurant-municipal-de-chevaigne-attendue-cet-ete-_7-6741810_actu.Htm\" target=\"_self\" rel=\"noopener\">les d\u00e9penses d\u2019investissement<\/a> du budget 2025 augmentent de 137\u00a0453\u00a0\u20ac.<\/p>\n<p>ZAC des Trois Lieux<\/p>\n<p>Lanc\u00e9e depuis maintenant sept\u00a0ans, <a href=\"https:\/\/rennes.maville.com\/actu\/actudet_-chevaigne.-la-zac-multisite-declaree-d-interet-general-_7-5470648_actu.Htm\" target=\"_self\" rel=\"noopener\">la ZAC poursuit son lent d\u00e9veloppement<\/a>. La commune a approuv\u00e9 une concession d\u2019am\u00e9nagement \u00e0 la Soci\u00e9t\u00e9 publique locale d\u2019am\u00e9nagement (SPLA) des territoires publics qui accompagne Rennes m\u00e9tropole pour la r\u00e9alisation des travaux. La ZAC comprendra \u00e0 terme 170\u00a0logements r\u00e9partis sur plusieurs secteurs de la commune, dont celui de Grand-Champ, situ\u00e9 route de la Motte.<\/p>\n<p>\u00a0<\/p>\n","protected":false},"excerpt":{"rendered":"Le conseil municipal de Chevaign\u00e9 s\u2019est retrouv\u00e9, mardi 7\u00a0octobre 2025. Plusieurs points \u00e9taient \u00e0 l\u2019ordre du jour. Les&hellip;\n","protected":false},"author":2,"featured_media":455095,"comment_status":"","ping_status":"","sticky":false,"template":"","format":"standard","meta":{"footnotes":""},"categories":[2821],"tags":[1111,11,8108,829,25538,7052,2695,6327,1777,674,1011,27,12,23195,3086,584,25],"class_list":{"0":"post-455094","1":"post","2":"type-post","3":"status-publish","4":"format-standard","5":"has-post-thumbnail","7":"category-rennes","8":"tag-actu","9":"tag-actualites","10":"tag-ancienne","11":"tag-bretagne","12":"tag-chevaigne","13":"tag-commune","14":"tag-creche","15":"tag-dette","16":"tag-eu","17":"tag-europe","18":"tag-fr","19":"tag-france","20":"tag-news","21":"tag-payer","22":"tag-redon","23":"tag-rennes","24":"tag-republique-francaise"},"share_on_mastodon":{"url":"https:\/\/pubeurope.com\/@fr\/115355713744245116","error":""},"_links":{"self":[{"href":"https:\/\/www.europesays.com\/fr\/wp-json\/wp\/v2\/posts\/455094","targetHints":{"allow":["GET"]}}],"collection":[{"href":"https:\/\/www.europesays.com\/fr\/wp-json\/wp\/v2\/posts"}],"about":[{"href":"https:\/\/www.europesays.com\/fr\/wp-json\/wp\/v2\/types\/post"}],"author":[{"embeddable":true,"href":"https:\/\/www.europesays.com\/fr\/wp-json\/wp\/v2\/users\/2"}],"replies":[{"embeddable":true,"href":"https:\/\/www.europesays.com\/fr\/wp-json\/wp\/v2\/comments?post=455094"}],"version-history":[{"count":0,"href":"https:\/\/www.europesays.com\/fr\/wp-json\/wp\/v2\/posts\/455094\/revisions"}],"wp:featuredmedia":[{"embeddable":true,"href":"https:\/\/www.europesays.com\/fr\/wp-json\/wp\/v2\/media\/455095"}],"wp:attachment":[{"href":"https:\/\/www.europesays.com\/fr\/wp-json\/wp\/v2\/media?parent=455094"}],"wp:term":[{"taxonomy":"category","embeddable":true,"href":"https:\/\/www.europesays.com\/fr\/wp-json\/wp\/v2\/categories?post=455094"},{"taxonomy":"post_tag","embeddable":true,"href":"https:\/\/www.europesays.com\/fr\/wp-json\/wp\/v2\/tags?post=455094"}],"curies":[{"name":"wp","href":"https:\/\/api.w.org\/{rel}","templated":true}]}}