{"id":455096,"date":"2025-10-11T13:14:15","date_gmt":"2025-10-11T13:14:15","guid":{"rendered":"https:\/\/www.europesays.com\/fr\/455096\/"},"modified":"2025-10-11T13:14:15","modified_gmt":"2025-10-11T13:14:15","slug":"pres-de-rennes-un-nouveau-magasin-regroupant-60-artisans-a-ouvert-dans-ce-centre-commercial","status":"publish","type":"post","link":"https:\/\/www.europesays.com\/fr\/455096\/","title":{"rendered":"Pr\u00e8s de Rennes, un nouveau magasin regroupant 60 artisans a ouvert dans ce centre commercial"},"content":{"rendered":"<p>            Par<br \/>\n        <strong><br \/>\n            <a href=\"https:\/\/actu.fr\/auteur\/clemence-pays02-actu-fr\" title=\"Consulter tous les articles de Cl\u00e9mence Pays\" target=\"_blank\" rel=\"noopener\">Cl\u00e9mence Pays<\/a><br \/>\n        <\/strong><\/p>\n<p>        Publi\u00e9 le<\/p>\n<p>            11 oct. 2025 \u00e0 14h09        <\/p>\n<p>C\u2019est la derni\u00e8re nouveaut\u00e9 du <strong>centre commercial Shop\u2019in,<\/strong> \u00e0 <a href=\"https:\/\/actu.fr\/bretagne\/pace_35210\" target=\"_blank\" rel=\"noopener\">Pac\u00e9<\/a>, pr\u00e8s de Rennes. <strong>La Boutique des artisans<\/strong> a ouvert ses portes vendredi 10\u00a0octobre 2025 et propose aux clientes et clients \u00ab\u2009une s\u00e9lection de produits et cr\u00e9ations artisanales r\u00e9alis\u00e9s par <strong>60 artisans et producteurs locaux\u2009\u00bb,<\/strong> d\u00e9taille Carmila, soci\u00e9t\u00e9 propri\u00e9taire et gestionnaire de Shop\u2019in Pac\u00e9.<\/p>\n<p class=\" wall-content\">Ce nouveau commerce propose divers produits <strong>\u00ab\u2009\u00e0 partir d\u2019une dizaine d\u2019euros\u2009\u00bb,<\/strong> allant des bijoux \u00e0 la maroquinerie, en passant par les jeux pour enfant, le linge de maison, les accessoires de cuisine ou encore la d\u00e9coration.<\/p>\n<p>\u00c9picerie, bijoux, fleurs\u2026<\/p>\n<p class=\" wall-content\">De la <strong>peinture sur sculpture,<\/strong> de la cr\u00e9ation de <strong>cadres personnalisables<\/strong> et de la <strong>gravure<\/strong> sur bois \u00ab\u2009et sur d\u2019autres mat\u00e9riaux\u2009\u00bb compl\u00e8tent l\u2019offre.<\/p>\n<p class=\" wall-content\">Les clients peuvent \u00e9galement demander des <strong>compositions florales<\/strong> \u00ab\u2009faites sur mesure\u2009\u00bb.<\/p>\n<p class=\" wall-content\">Un espace <strong>\u00e9picerie<\/strong> a aussi \u00e9t\u00e9 am\u00e9nag\u00e9 avec \u00ab\u2009une large s\u00e9lection de produits locaux\u2009\u00bb, comme de la confiture ou des spiritueux et la possibilit\u00e9 de cr\u00e9er son propre panier gourmand.<\/p>\n<p><strong>Infos pratiques\u2009:<\/strong><br \/>La Boutique des artisans, centre commercial Shop\u2019in, boulevard de la Giraudais, Pac\u00e9.<\/p>\n<p class=\" wall-content\">Personnalisez votre actualit\u00e9 en ajoutant vos villes et m\u00e9dias en favori avec <a href=\"https:\/\/moncompte.actu.fr\" title=\"D\u00e9couvez Mon Actu\" rel=\"nofollow noopener\" data-trk=\"{&quot;cta&quot;:{&quot;action&quot;:&quot;https:\\\/\\\/moncompte.actu.fr&quot;,&quot;category&quot;:&quot;mon compte&quot;,&quot;from&quot;:&quot;article footer&quot;,&quot;name&quot;:&quot;Mon actu&quot;,&quot;type&quot;:&quot;cta&quot;}}\" target=\"_blank\">Mon Actu<\/a>.<\/p>\n","protected":false},"excerpt":{"rendered":"Par Cl\u00e9mence Pays Publi\u00e9 le 11 oct. 2025 \u00e0 14h09 C\u2019est la derni\u00e8re nouveaut\u00e9 du centre commercial Shop\u2019in,&hellip;\n","protected":false},"author":2,"featured_media":455097,"comment_status":"","ping_status":"","sticky":false,"template":"","format":"standard","meta":{"footnotes":""},"categories":[2821],"tags":[1111,11,829,215,33,1777,674,1011,27,12,3147,584,25],"class_list":{"0":"post-455096","1":"post","2":"type-post","3":"status-publish","4":"format-standard","5":"has-post-thumbnail","7":"category-rennes","8":"tag-actu","9":"tag-actualites","10":"tag-bretagne","11":"tag-commerce","12":"tag-economie","13":"tag-eu","14":"tag-europe","15":"tag-fr","16":"tag-france","17":"tag-news","18":"tag-nouveaux-commerces","19":"tag-rennes","20":"tag-republique-francaise"},"share_on_mastodon":{"url":"","error":""},"_links":{"self":[{"href":"https:\/\/www.europesays.com\/fr\/wp-json\/wp\/v2\/posts\/455096","targetHints":{"allow":["GET"]}}],"collection":[{"href":"https:\/\/www.europesays.com\/fr\/wp-json\/wp\/v2\/posts"}],"about":[{"href":"https:\/\/www.europesays.com\/fr\/wp-json\/wp\/v2\/types\/post"}],"author":[{"embeddable":true,"href":"https:\/\/www.europesays.com\/fr\/wp-json\/wp\/v2\/users\/2"}],"replies":[{"embeddable":true,"href":"https:\/\/www.europesays.com\/fr\/wp-json\/wp\/v2\/comments?post=455096"}],"version-history":[{"count":0,"href":"https:\/\/www.europesays.com\/fr\/wp-json\/wp\/v2\/posts\/455096\/revisions"}],"wp:featuredmedia":[{"embeddable":true,"href":"https:\/\/www.europesays.com\/fr\/wp-json\/wp\/v2\/media\/455097"}],"wp:attachment":[{"href":"https:\/\/www.europesays.com\/fr\/wp-json\/wp\/v2\/media?parent=455096"}],"wp:term":[{"taxonomy":"category","embeddable":true,"href":"https:\/\/www.europesays.com\/fr\/wp-json\/wp\/v2\/categories?post=455096"},{"taxonomy":"post_tag","embeddable":true,"href":"https:\/\/www.europesays.com\/fr\/wp-json\/wp\/v2\/tags?post=455096"}],"curies":[{"name":"wp","href":"https:\/\/api.w.org\/{rel}","templated":true}]}}