{"id":455098,"date":"2025-10-11T13:16:18","date_gmt":"2025-10-11T13:16:18","guid":{"rendered":"https:\/\/www.europesays.com\/fr\/455098\/"},"modified":"2025-10-11T13:16:18","modified_gmt":"2025-10-11T13:16:18","slug":"handball-suivez-en-direct-le-match-entre-le-strasbourg-ath-et-dijon-au-rhenus-coup-denvoi-a-19h","status":"publish","type":"post","link":"https:\/\/www.europesays.com\/fr\/455098\/","title":{"rendered":"Handball. Suivez en direct le match entre le Strasbourg ATH et\u00a0Dijon au Rhenus, coup d&rsquo;envoi \u00e0 19h"},"content":{"rendered":"<p>Le Strasbourg ATH retrouve pour la cinqui\u00e8me fois le Rhenus, o\u00f9 il a \u00e9tabli en f\u00e9vrier 2024 le record d&rsquo;affluence pour un match de D1 f\u00e9minine (5616 spectateurs). Ce samedi (19h) contre Dijon, l&rsquo;un des repr\u00e9sentants du handball f\u00e9minin fran\u00e7ais en coupe d&rsquo;Europe cette saison, Dalila Abdesselam et ses co\u00e9quipi\u00e8res devront s&rsquo;\u00e9lever pour enfin lancer leur championnat (une victoire et quatre d\u00e9faites lors des cinq premi\u00e8res journ\u00e9es).<\/p>\n<p>&#13;<br \/>\n              Simon Giovannini &#8211; &#13;<br \/>\n        &#13;<br \/>\n          Aujourd&rsquo;hui \u00e0 15:00&#13;<br \/>\n    &#13;<br \/>\n        &#8211; Temps de lecture : &#13;<br \/>\n  &#13;\n<\/p>\n<p>                        &#13;<br \/>\n    &#13;<br \/>\n    &#13;<br \/>\n    <a href=\"https:\/\/cdn-s-www.dna.fr\/images\/8564EBA5-BA12-4BB7-8CCD-BB2D267ABAE2\/NW_raw\/lilou-begon-et-ses-coequipieres-ont-besoin-d-un-declic-apres-un-debut-de-saison-poussif-en-d1-photo-antonin-utz-1760112783.jpg\" title=\"Lilou Begon et ses co\u00e9quipi\u00e8res ont besoin d&#039;un d\u00e9clic apr\u00e8s un d\u00e9but de saison\u00a0poussif en D1. Photo Antonin Utz\" class=\"chocolat-image GA-tracking\" data-ga_type=\"click\" data-ga_category=\"D\u00e9tail\" data-ga_action=\"zoomer\" data-ga_label=\"aggrandir image\" target=\"_blank\" rel=\"noopener\">&#13;<br \/>\n        <img src=\"https:\/\/www.europesays.com\/fr\/wp-content\/uploads\/2025\/10\/lilou-begon-et-ses-coequipieres-ont-besoin-d-un-declic-apres-un-debut-de-saison-poussif-en-d1-photo-.jpeg\"   alt=\"Lilou Begon et ses co\u00e9quipi\u00e8res ont besoin d'un d\u00e9clic apr\u00e8s un d\u00e9but de saison\u00a0poussif en D1. Photo Antonin Utz\" fetchpriority=\"high\" decoding=\"async\" data-mobile=\"NW_detail_M|1760112783\" data-base=\"NW_detail|1760112783\"\/>&#13;<br \/>\n    <\/a>&#13;<\/p>\n<p>Lilou Begon et ses co\u00e9quipi\u00e8res ont besoin d&rsquo;un d\u00e9clic apr\u00e8s un d\u00e9but de saison\u00a0poussif en D1. Photo Antonin Utz<\/p>\n","protected":false},"excerpt":{"rendered":"Le Strasbourg ATH retrouve pour la cinqui\u00e8me fois le Rhenus, o\u00f9 il a \u00e9tabli en f\u00e9vrier 2024 le&hellip;\n","protected":false},"author":2,"featured_media":455099,"comment_status":"","ping_status":"","sticky":false,"template":"","format":"standard","meta":{"footnotes":""},"categories":[2820],"tags":[1111,11,2389,2649,3545,1777,674,107,1701,1011,27,329,775,1792,3544,12,25,517,640,12904,18463],"class_list":{"0":"post-455098","1":"post","2":"type-post","3":"status-publish","4":"format-standard","5":"has-post-thumbnail","7":"category-strasbourg","8":"tag-actu","9":"tag-actualites","10":"tag-alsace","11":"tag-bas-rhin","12":"tag-direct-sport","13":"tag-eu","14":"tag-europe","15":"tag-fil-info","16":"tag-fil-info-sport","17":"tag-fr","18":"tag-france","19":"tag-france-monde","20":"tag-grand-est","21":"tag-handball","22":"tag-matchs-en-direct","23":"tag-news","24":"tag-republique-francaise","25":"tag-sport","26":"tag-strasbourg","27":"tag-strasbourg-ath","28":"tag-truchtersheim"},"share_on_mastodon":{"url":"https:\/\/pubeurope.com\/@fr\/115355726161826387","error":""},"_links":{"self":[{"href":"https:\/\/www.europesays.com\/fr\/wp-json\/wp\/v2\/posts\/455098","targetHints":{"allow":["GET"]}}],"collection":[{"href":"https:\/\/www.europesays.com\/fr\/wp-json\/wp\/v2\/posts"}],"about":[{"href":"https:\/\/www.europesays.com\/fr\/wp-json\/wp\/v2\/types\/post"}],"author":[{"embeddable":true,"href":"https:\/\/www.europesays.com\/fr\/wp-json\/wp\/v2\/users\/2"}],"replies":[{"embeddable":true,"href":"https:\/\/www.europesays.com\/fr\/wp-json\/wp\/v2\/comments?post=455098"}],"version-history":[{"count":0,"href":"https:\/\/www.europesays.com\/fr\/wp-json\/wp\/v2\/posts\/455098\/revisions"}],"wp:featuredmedia":[{"embeddable":true,"href":"https:\/\/www.europesays.com\/fr\/wp-json\/wp\/v2\/media\/455099"}],"wp:attachment":[{"href":"https:\/\/www.europesays.com\/fr\/wp-json\/wp\/v2\/media?parent=455098"}],"wp:term":[{"taxonomy":"category","embeddable":true,"href":"https:\/\/www.europesays.com\/fr\/wp-json\/wp\/v2\/categories?post=455098"},{"taxonomy":"post_tag","embeddable":true,"href":"https:\/\/www.europesays.com\/fr\/wp-json\/wp\/v2\/tags?post=455098"}],"curies":[{"name":"wp","href":"https:\/\/api.w.org\/{rel}","templated":true}]}}