{"id":455100,"date":"2025-10-11T13:17:12","date_gmt":"2025-10-11T13:17:12","guid":{"rendered":"https:\/\/www.europesays.com\/fr\/455100\/"},"modified":"2025-10-11T13:17:12","modified_gmt":"2025-10-11T13:17:12","slug":"trois-choses-a-savoir-sur-le-chanteur-jokair-attendu-au-palais-nikaia-ce-dimanche","status":"publish","type":"post","link":"https:\/\/www.europesays.com\/fr\/455100\/","title":{"rendered":"Trois choses \u00e0 savoir sur le chanteur Jok\u2019Air, attendu au Palais Nika\u00efa ce dimanche"},"content":{"rendered":"<p class=\"fs-5 \">On l\u2019appelle Jok\u2019air. Ou bien Jok\u2019 Pololo, Big Daddy Jok, Jok\u2019chirac, Jok\u2019travolta, ou encore Jok\u2019rambo selon les \u00e9poques et les projets. Pour l\u2019\u00e9tat civil, il reste Melvin F\u00e9lix Aka, fran\u00e7ais d\u2019origine ivoirienne ayant vu le jour \u00e0 Paris en septembre 1991.<\/p>\n<p class=\"fs-5 \">Ce dimanche 12 octobre, ses fans l\u2019attendront au Palais Nika\u00efa de Nice pour d\u00e9couvrir en live les morceaux de son septi\u00e8me album solo, Les jolies filles aiment Jok\u2019Air.<\/p>\n<p>                                                                                Il est l\u00e0 depuis un bail<\/p>\n<p class=\"fs-5 \">Aujourd\u2019hui \u00e9cout\u00e9 par 2,5 millions d\u2019auditeurs chaque mois sur Spotify, o\u00f9 son morceau Las Vegas atteint les 116 millions de streams, Jok\u2019Air a construit son \u00ab palais \u00bb pierre par pierre, depuis l\u2019adolescence. Son fr\u00e8re, Davidson, lui avait mis le pied \u00e0 l\u2019\u00e9trier en finan\u00e7ant des sessions de studio pour lui et ses amis. Le nom du groupe ? MZ, pour Mafia Zetrei, r\u00e9f\u00e9rence, en verlan, au XIIIe arrondissement de Paris, o\u00f9 ils ont grandi. Avant que l\u2019union vole en \u00e9clats, la MZ sortira deux albums et six mixtapes, entre 2007 et 2016.<\/p>\n<p class=\"fs-5 \">Jok\u2019Air encha\u00eenera en solo, signera sur le label Play Two pour son premier album et obtiendra un disque d\u2019or \u00e0 19 ans avec le deuxi\u00e8me, Jok\u2019Travolta.<\/p>\n<p>                                                                                Il a labour\u00e9 le terrain, presque en dehors des radars m\u00e9diatiques<\/p>\n<p class=\"fs-5 \">Comme le notait Genono, journaliste sp\u00e9cialiste du rap fran\u00e7ais au moment de la sortie de Melvin de Paris (2023), Jok\u2019Air n\u2019est pas forc\u00e9ment le personnage le plus boost\u00e9 par la sph\u00e8re m\u00e9diatique. Alors, pour asseoir sa long\u00e9vit\u00e9, celui-ci a mis\u00e9 sur une grosse force de travail et un c\u00f4t\u00e9 tr\u00e8s prolifique, abreuvant son public de nouveaut\u00e9s, dans un contexte toujours plus concurrentiel.<\/p>\n<p class=\"fs-5 \">Genono, encore lui, insistait sur la polyvalence et la soif de renouvellement du rappeur, devenu de plus en plus chanteur au fil du temps.<\/p>\n<p class=\"fs-5 \">\u00ab Big Daddy Jok est un disque plus personnel, Jok\u2019Rambo tend vers la pop voire le rap exp\u00e9rimental, Je suis Big Daddy est ambitieux, avec un noyau dur de gros singles. Jok\u2019Air s\u2019est essay\u00e9 au rock, \u00e0 l\u2019\u00e9lectro, au rap plus classique, a pioch\u00e9 dans les influences gospel est all\u00e9 chercher des sonorit\u00e9s cubaines, s\u2019est \u00e9videmment essay\u00e9 \u00e0 la trap\u2026 \u00bb<\/p>\n<p>                                                                                Airs de lover, conscience politique et BD : il sait \u00eatre impr\u00e9visible<\/p>\n<p class=\"fs-5 \">Que ce soit en version bad boy ou plus tendre, comme sur Nos r\u00eaves, avec Chilla et Yseult, ou derni\u00e8rement sur En apesanteur, Jok\u2019air d\u00e9ploie r\u00e9guli\u00e8rement son arsenal de bourreau des c\u0153urs. Il peut aussi op\u00e9rer dans d\u2019autres registres. Dans un paysage musical aseptis\u00e9, souvent vid\u00e9 de tout message politique, il avait plac\u00e9 Assa Traor\u00e9 dans la peau d\u2019une pr\u00e9sidente sur la pochette de son album VIe R\u00e9publique. Ou \u00e0 reprendre \u00e0 son compte le \u00ab bruit et l\u2019odeur \u00bb de Jacques Chirac sur le morceau Jok\u2019Chirac.<\/p>\n<p class=\"fs-5 \">\u00c0 l\u2019origine de La M\u00e9lodie des quartiers, une association \u0153uvrant pour favoriser l\u2019acc\u00e8s des jeunes \u00e0 la culture, Jok\u2019Air a \u00e9galement sorti deux BD destin\u00e9es aux enfants avec le graphiste Soupap !, Mission Papa No\u00ebl et Melvin de Paris.<\/p>\n<p class=\"fs-5 \"><strong>Jok\u2019air en concert. Dimanche 12 octobre, \u00e0 18 h, au Palais Nika\u00efa, \u00e0 Nice. De 35 \u00e0 45 euros. nikaia.fr\/programmation\/jok-air<\/strong><\/p>\n","protected":false},"excerpt":{"rendered":"On l\u2019appelle Jok\u2019air. Ou bien Jok\u2019 Pololo, Big Daddy Jok, Jok\u2019chirac, Jok\u2019travolta, ou encore Jok\u2019rambo selon les \u00e9poques&hellip;\n","protected":false},"author":2,"featured_media":455101,"comment_status":"","ping_status":"","sticky":false,"template":"","format":"standard","meta":{"footnotes":""},"categories":[2819],"tags":[1111,11,1777,674,1011,27,12,2401,882,25],"class_list":{"0":"post-455100","1":"post","2":"type-post","3":"status-publish","4":"format-standard","5":"has-post-thumbnail","7":"category-nice","8":"tag-actu","9":"tag-actualites","10":"tag-eu","11":"tag-europe","12":"tag-fr","13":"tag-france","14":"tag-news","15":"tag-nice","16":"tag-provence-alpes-cote-dazur","17":"tag-republique-francaise"},"share_on_mastodon":{"url":"https:\/\/pubeurope.com\/@fr\/115355729531130734","error":""},"_links":{"self":[{"href":"https:\/\/www.europesays.com\/fr\/wp-json\/wp\/v2\/posts\/455100","targetHints":{"allow":["GET"]}}],"collection":[{"href":"https:\/\/www.europesays.com\/fr\/wp-json\/wp\/v2\/posts"}],"about":[{"href":"https:\/\/www.europesays.com\/fr\/wp-json\/wp\/v2\/types\/post"}],"author":[{"embeddable":true,"href":"https:\/\/www.europesays.com\/fr\/wp-json\/wp\/v2\/users\/2"}],"replies":[{"embeddable":true,"href":"https:\/\/www.europesays.com\/fr\/wp-json\/wp\/v2\/comments?post=455100"}],"version-history":[{"count":0,"href":"https:\/\/www.europesays.com\/fr\/wp-json\/wp\/v2\/posts\/455100\/revisions"}],"wp:featuredmedia":[{"embeddable":true,"href":"https:\/\/www.europesays.com\/fr\/wp-json\/wp\/v2\/media\/455101"}],"wp:attachment":[{"href":"https:\/\/www.europesays.com\/fr\/wp-json\/wp\/v2\/media?parent=455100"}],"wp:term":[{"taxonomy":"category","embeddable":true,"href":"https:\/\/www.europesays.com\/fr\/wp-json\/wp\/v2\/categories?post=455100"},{"taxonomy":"post_tag","embeddable":true,"href":"https:\/\/www.europesays.com\/fr\/wp-json\/wp\/v2\/tags?post=455100"}],"curies":[{"name":"wp","href":"https:\/\/api.w.org\/{rel}","templated":true}]}}