{"id":455104,"date":"2025-10-11T13:19:10","date_gmt":"2025-10-11T13:19:10","guid":{"rendered":"https:\/\/www.europesays.com\/fr\/455104\/"},"modified":"2025-10-11T13:19:10","modified_gmt":"2025-10-11T13:19:10","slug":"nantaise-detenue-en-israel-apres-larraisonnement-dune-flottille-sa-mere-exprime-sa-2","status":"publish","type":"post","link":"https:\/\/www.europesays.com\/fr\/455104\/","title":{"rendered":"Nantaise d\u00e9tenue en Isra\u00ebl apr\u00e8s l\u2019arraisonnement d\u2019une flottille : sa m\u00e8re exprime sa"},"content":{"rendered":"<p>Elle prend la plume pour d\u00e9fendre sa fille Lola, emprisonn\u00e9e en Isra\u00ebl, et pour d\u00e9noncer l\u2019\u00c9tat fran\u00e7ais qu\u2019elle juge inactif vis-\u00e0-vis de la situation \u00e0 Gaza.<strong> \u00ab\u00a0Ma fille faisait partie de la flottille humanitaire Thousand Madleen, qui avait pour but de tenter de rompre le blocus \u00e0 Gaza et d\u2019apporter du lait pour b\u00e9b\u00e9, des dispositifs m\u00e9dicaux et autres produits d\u2019urgence\u00a0\u00bb<\/strong> <strong>,<\/strong> rapporte cette femme, qui vit depuis vingt\u00a0ans \u00e0 Nantes.<\/p>\n<p><strong>Lire aussi\u00a0:<\/strong> <a href=\"https:\/\/rennes.maville.com\/actu\/actudet_-flottille-pour-gaza-l-eurodeputee-rima-hassan-reclame-des-sanctions-contre-israel-_54135-7011610_actu.Htm\" target=\"_blank\" rel=\"noopener\">Flottille pour Gaza\u00a0: l\u2019eurod\u00e9put\u00e9e Rima Hassan r\u00e9clame \u00ab\u00a0des sanctions contre Isra\u00ebl\u00a0\u00bb<\/a><\/p>\n<p>Les bateaux ont \u00e9t\u00e9 arraisonn\u00e9s, mercredi 8\u00a0octobre, dans les eaux internationales \u00e0 220\u00a0km de Gaza, par l\u2019arm\u00e9e isra\u00e9lienne, <strong>\u00ab\u00a0violation du droit international, qui n\u2019a pas \u00e9t\u00e9 d\u00e9nonc\u00e9e par le gouvernement fran\u00e7ais\u00a0\u00bb,<\/strong> constate-t-elle.<\/p>\n<p>Prison de Ktziot<\/p>\n<p>Les autorit\u00e9s isra\u00e9liennes ont transf\u00e9r\u00e9 les militants \u00e0 la prison de Ktziot, <strong>\u00ab\u00a0des t\u00e9moignages relatent des maltraitances physiques et morales violentes \u00e0 cette \u00e9tape\u00a0\u00bb. <\/strong>Jeudi 9\u00a0octobre, Odile Michel a enfin eu des nouvelles de sa fille\u00a0:<strong> \u00ab\u00a0Les autorit\u00e9s isra\u00e9liennes intiment \u00e0 ces membres d\u2019\u00e9quipage de signer un papier reconnaissant leur intrusion ill\u00e9gale sur le sol isra\u00e9lien. Un chantage est effectu\u00e9 pour qu\u2019ils signent ce mensonge.\u00a0\u00bb<\/strong><\/p>\n<p>Sa fille a refus\u00e9, elle a donc \u00e9t\u00e9 jug\u00e9e et sera <strong>\u00ab\u00a0expulsable\u00a0\u00bb<\/strong> \u00e0 partir de dimanche ou lundi. Le rapatriement se ferait via la Jordanie, estime la m\u00e8re qui veut t\u00e9moigner de sa col\u00e8re <strong>\u00ab\u00a0sur le d\u00e9sengagement de l\u2019\u00c9tat fran\u00e7ais. Le gouvernement fran\u00e7ais, par l\u2019interm\u00e9diaire de son ministre des Affaires \u00e9trang\u00e8es, Jean-No\u00ebl Barrot, et contrairement au gouvernement espagnol, demande aux familles de prendre en charge financi\u00e8rement ce rapatriement\u00a0\u00bb.<\/strong><\/p>\n<p>Odile Michel pr\u00e9cise que sa fille de 32\u00a0ans n\u2019appartient \u00e0 aucun parti politique, <strong>\u00ab\u00a0elle milite pour la d\u00e9fense de l\u2019injustice, du colonialisme et pour lutter contre le g\u00e9nocide en cours \u00e0 Gaza. Elle vit \u00e0 Marseille et a cr\u00e9\u00e9 une association, De Marseille \u00e0 Gaza, qui se bat dans ce sens. Elle a organis\u00e9 de multiples \u00e9v\u00e9nements\u00a0: concerts, repas partag\u00e9s, d\u00e9bats pour r\u00e9colter des fonds pour envoyer \u00e0 des familles gazaouis\u00a0\u00bb.<\/strong> <\/p>\n<p>\u00a0<\/p>\n","protected":false},"excerpt":{"rendered":"Elle prend la plume pour d\u00e9fendre sa fille Lola, emprisonn\u00e9e en Isra\u00ebl, et pour d\u00e9noncer l\u2019\u00c9tat fran\u00e7ais qu\u2019elle&hellip;\n","protected":false},"author":2,"featured_media":454982,"comment_status":"","ping_status":"","sticky":false,"template":"","format":"standard","meta":{"footnotes":""},"categories":[2818],"tags":[1111,11,58032,3254,29846,1777,674,8435,30076,1011,27,664,5875,7127,766,12,2636,25],"class_list":{"0":"post-455104","1":"post","2":"type-post","3":"status-publish","4":"format-standard","5":"has-post-thumbnail","7":"category-nantes","8":"tag-actu","9":"tag-actualites","10":"tag-arraisonnement","11":"tag-colere","12":"tag-detenue","13":"tag-eu","14":"tag-europe","15":"tag-exprime","16":"tag-flottille","17":"tag-fr","18":"tag-france","19":"tag-israel","20":"tag-mere","21":"tag-nantaise","22":"tag-nantes","23":"tag-news","24":"tag-pays-de-la-loire","25":"tag-republique-francaise"},"share_on_mastodon":{"url":"https:\/\/pubeurope.com\/@fr\/115355737468042775","error":""},"_links":{"self":[{"href":"https:\/\/www.europesays.com\/fr\/wp-json\/wp\/v2\/posts\/455104","targetHints":{"allow":["GET"]}}],"collection":[{"href":"https:\/\/www.europesays.com\/fr\/wp-json\/wp\/v2\/posts"}],"about":[{"href":"https:\/\/www.europesays.com\/fr\/wp-json\/wp\/v2\/types\/post"}],"author":[{"embeddable":true,"href":"https:\/\/www.europesays.com\/fr\/wp-json\/wp\/v2\/users\/2"}],"replies":[{"embeddable":true,"href":"https:\/\/www.europesays.com\/fr\/wp-json\/wp\/v2\/comments?post=455104"}],"version-history":[{"count":0,"href":"https:\/\/www.europesays.com\/fr\/wp-json\/wp\/v2\/posts\/455104\/revisions"}],"wp:featuredmedia":[{"embeddable":true,"href":"https:\/\/www.europesays.com\/fr\/wp-json\/wp\/v2\/media\/454982"}],"wp:attachment":[{"href":"https:\/\/www.europesays.com\/fr\/wp-json\/wp\/v2\/media?parent=455104"}],"wp:term":[{"taxonomy":"category","embeddable":true,"href":"https:\/\/www.europesays.com\/fr\/wp-json\/wp\/v2\/categories?post=455104"},{"taxonomy":"post_tag","embeddable":true,"href":"https:\/\/www.europesays.com\/fr\/wp-json\/wp\/v2\/tags?post=455104"}],"curies":[{"name":"wp","href":"https:\/\/api.w.org\/{rel}","templated":true}]}}