{"id":455105,"date":"2025-10-11T13:20:14","date_gmt":"2025-10-11T13:20:14","guid":{"rendered":"https:\/\/www.europesays.com\/fr\/455105\/"},"modified":"2025-10-11T13:20:14","modified_gmt":"2025-10-11T13:20:14","slug":"cecile-bessiere-pour-arbitrer-le-match-ol-lyonnes","status":"publish","type":"post","link":"https:\/\/www.europesays.com\/fr\/455105\/","title":{"rendered":"C\u00e9cile Bessi\u00e8re pour arbitrer le match OL Lyonnes"},"content":{"rendered":"<p>                            <img width=\"770\" height=\"433\" src=\"https:\/\/www.europesays.com\/fr\/wp-content\/uploads\/2025\/10\/IMG_3501-770x433.jpg\" class=\"attachment-article size-article wp-post-image\" alt=\"Les joueuse de l'OL Lyonnes (Dumornay, Renard) \u00e0 l'entra\u00eenement\" decoding=\"async\" fetchpriority=\"high\"  \/><\/p>\n<p>Les joueuse de l\u2019OL Lyonnes (Dumornay, Renard) \u00e0 l\u2019entra\u00eenement (cr\u00e9dit : David Hernandez)<\/p>\n<p>Samedi prochain, l&rsquo;OL Lyonnes retrouvera la Premi\u00e8re Ligue avec la r\u00e9ception de Nantes. Un match dirig\u00e9 par C\u00e9cile Bessi\u00e8re.<\/p>\n<p>Le travail se poursuit pour l&rsquo;OL Lyonnes, qui ne joue pas ce week-end en raison de la nouvelle Coupe LFPP. Mais les joueuses ne sont pas en manque de rythme pour autant, car elles ont disput\u00e9 mardi dernier une rencontre intense en Ligue des champions sur la pelouse d&rsquo;Arsenal (<a href=\"https:\/\/www.olympique-et-lyonnais.com\/un-double-de-dumornay-offre-la-victoire-a-lol-lyonnes-a-arsenal-1-2,382019.html\" target=\"_blank\" rel=\"noopener\">0-2<\/a>). Apr\u00e8s ce succ\u00e8s de prestige, place \u00e0 une semaine \u00e0 deux matchs, avant la tr\u00eave internationale.<\/p>\n<p>Mercredi, le club accueille St P\u00f6lten dans le cadre de la deuxi\u00e8me journ\u00e9e de la comp\u00e9tition europ\u00e9enne (18h45). Puis samedi (21 heures), il fera face \u00e0 un autre d\u00e9fi, avec la r\u00e9ception du FC Nantes au Parc OL. Apr\u00e8s quatre rencontres, le groupe de Jonatan <strong>Gir\u00e1ldez <\/strong>est plut\u00f4t bien parti, \u00e9tant seul en t\u00eate du championnat avec douze points.<\/p>\n<p>Elle avait arbitr\u00e9 Nantes OL Lyonnes en avril<\/p>\n<p>Les Fenottes ambitionnent le cinq sur cinq \u00e9videmment, contre une formation qui vient de dominer le Paris FC \u00e0 la Beaujoire. Quatri\u00e8mes de Premi\u00e8re Ligue, les Lig\u00e9riennes comptent bien poser des probl\u00e8mes \u00e0 Wendie <strong>Renard <\/strong>et ses co\u00e9quipi\u00e8res. L&rsquo;entra\u00eeneur espagnol devrait, comme il le fait d\u00e9j\u00e0, g\u00e9rer les temps de jeu et profiter d&rsquo;un effectif assez profond quantitativement.<\/p>\n<p>Cette affiche entre Lyonnaises et Nantes du 18 octobre sera arbitr\u00e9e par C\u00e9cile <strong>Bessi\u00e8re<\/strong>. <a href=\"https:\/\/www.olympique-et-lyonnais.com\/premiere-ligue-cecile-bessiere-au-sifflet-de-nantes-ol,359309.html\" target=\"_blank\" rel=\"noopener\">En avril dernier<\/a>, cette m\u00eame officielle avait d\u00e9j\u00e0 \u0153uvr\u00e9 lors de la confrontation entre ces deux adversaires (0-2). Elle s&rsquo;appuiera pour mener \u00e0 bien sa mission sur ses adjointes Jennifer <strong>Maubacq <\/strong>et Nabila <strong>Zaouak<\/strong>. L&rsquo;arbitre rempla\u00e7ante sera Lisa <strong>Coste<\/strong>.<\/p>\n","protected":false},"excerpt":{"rendered":"Les joueuse de l\u2019OL Lyonnes (Dumornay, Renard) \u00e0 l\u2019entra\u00eenement (cr\u00e9dit : David Hernandez) Samedi prochain, l&rsquo;OL Lyonnes retrouvera&hellip;\n","protected":false},"author":2,"featured_media":455106,"comment_status":"","ping_status":"","sticky":false,"template":"","format":"standard","meta":{"footnotes":""},"categories":[2818],"tags":[1111,11,1777,674,1011,27,766,12,23183,2636,25],"class_list":{"0":"post-455105","1":"post","2":"type-post","3":"status-publish","4":"format-standard","5":"has-post-thumbnail","7":"category-nantes","8":"tag-actu","9":"tag-actualites","10":"tag-eu","11":"tag-europe","12":"tag-fr","13":"tag-france","14":"tag-nantes","15":"tag-news","16":"tag-ol-lyonnes","17":"tag-pays-de-la-loire","18":"tag-republique-francaise"},"share_on_mastodon":{"url":"https:\/\/pubeurope.com\/@fr\/115355741405875729","error":""},"_links":{"self":[{"href":"https:\/\/www.europesays.com\/fr\/wp-json\/wp\/v2\/posts\/455105","targetHints":{"allow":["GET"]}}],"collection":[{"href":"https:\/\/www.europesays.com\/fr\/wp-json\/wp\/v2\/posts"}],"about":[{"href":"https:\/\/www.europesays.com\/fr\/wp-json\/wp\/v2\/types\/post"}],"author":[{"embeddable":true,"href":"https:\/\/www.europesays.com\/fr\/wp-json\/wp\/v2\/users\/2"}],"replies":[{"embeddable":true,"href":"https:\/\/www.europesays.com\/fr\/wp-json\/wp\/v2\/comments?post=455105"}],"version-history":[{"count":0,"href":"https:\/\/www.europesays.com\/fr\/wp-json\/wp\/v2\/posts\/455105\/revisions"}],"wp:featuredmedia":[{"embeddable":true,"href":"https:\/\/www.europesays.com\/fr\/wp-json\/wp\/v2\/media\/455106"}],"wp:attachment":[{"href":"https:\/\/www.europesays.com\/fr\/wp-json\/wp\/v2\/media?parent=455105"}],"wp:term":[{"taxonomy":"category","embeddable":true,"href":"https:\/\/www.europesays.com\/fr\/wp-json\/wp\/v2\/categories?post=455105"},{"taxonomy":"post_tag","embeddable":true,"href":"https:\/\/www.europesays.com\/fr\/wp-json\/wp\/v2\/tags?post=455105"}],"curies":[{"name":"wp","href":"https:\/\/api.w.org\/{rel}","templated":true}]}}