{"id":455107,"date":"2025-10-11T13:21:16","date_gmt":"2025-10-11T13:21:16","guid":{"rendered":"https:\/\/www.europesays.com\/fr\/455107\/"},"modified":"2025-10-11T13:21:16","modified_gmt":"2025-10-11T13:21:16","slug":"faites-des-parents-revient-pour-une-troisieme-edition-a-talence-le-11-octobre","status":"publish","type":"post","link":"https:\/\/www.europesays.com\/fr\/455107\/","title":{"rendered":"\u00ab\u00a0Faites des parents\u00a0\u00bb revient pour une troisi\u00e8me \u00e9dition \u00e0 Talence le 11\u00a0octobre"},"content":{"rendered":"<p>La Ville de Talence et les acteurs sociaux du territoire organisent la troisi\u00e8me \u00e9dition de \u00ab\u00a0Faites des parents\u00a0\u00bb avec de nombreuses animations familiales, samedi 11\u00a0octobre, de 14 \u00e0 19\u00a0heures, au D\u00f4me. Cette manifestation poursuit deux objectifs\u00a0: faire d\u00e9couvrir aux parents des espaces ressources qu\u2019ils pourront retrouver ensuite sur le territoire, mais aussi partager un moment sympathique et festif. L\u2019\u00e9v\u00e9nement s\u2019adresse aux personnes de tout \u00e2ge, mais \u00e9galement aux futurs parents.<\/p>\n<p>De 14\u00a0heures \u00e0 17\u00a0h\u00a030, plusieurs animations seront en acc\u00e8s libre, entre rencontres, informations, jeux, lectures et spectacle. Une repr\u00e9sentation de chant et danse destin\u00e9e aux parents, donn\u00e9e par Asia Bouhmid Humbert, psychologue pour enfants et artiste, aura ensuite lieu de 18 \u00e0 19\u00a0heures. Pendant ce temps, les enfants \u00e2g\u00e9s de 3 \u00e0 11\u00a0ans pourront jouer dans une salle \u00e0 proximit\u00e9, sous la surveillance de membres du personnel de Ludiloisirs et de Mix-Cit\u00e9.<\/p>\n<p>Le D\u00f4me, 221, avenue de Thouars. Contact\u00a0: 05\u00a056\u00a084\u00a064\u00a010 ou via ledome@talence.fr. Buvette sur place.<\/p>\n","protected":false},"excerpt":{"rendered":"La Ville de Talence et les acteurs sociaux du territoire organisent la troisi\u00e8me \u00e9dition de \u00ab\u00a0Faites des parents\u00a0\u00bb&hellip;\n","protected":false},"author":2,"featured_media":455108,"comment_status":"","ping_status":"","sticky":false,"template":"","format":"standard","meta":{"footnotes":""},"categories":[2817],"tags":[1111,11,1997,1777,674,1011,27,12,2219,25],"class_list":{"0":"post-455107","1":"post","2":"type-post","3":"status-publish","4":"format-standard","5":"has-post-thumbnail","7":"category-bordeaux","8":"tag-actu","9":"tag-actualites","10":"tag-bordeaux","11":"tag-eu","12":"tag-europe","13":"tag-fr","14":"tag-france","15":"tag-news","16":"tag-nouvelle-aquitaine","17":"tag-republique-francaise"},"share_on_mastodon":{"url":"https:\/\/pubeurope.com\/@fr\/115355745351607313","error":""},"_links":{"self":[{"href":"https:\/\/www.europesays.com\/fr\/wp-json\/wp\/v2\/posts\/455107","targetHints":{"allow":["GET"]}}],"collection":[{"href":"https:\/\/www.europesays.com\/fr\/wp-json\/wp\/v2\/posts"}],"about":[{"href":"https:\/\/www.europesays.com\/fr\/wp-json\/wp\/v2\/types\/post"}],"author":[{"embeddable":true,"href":"https:\/\/www.europesays.com\/fr\/wp-json\/wp\/v2\/users\/2"}],"replies":[{"embeddable":true,"href":"https:\/\/www.europesays.com\/fr\/wp-json\/wp\/v2\/comments?post=455107"}],"version-history":[{"count":0,"href":"https:\/\/www.europesays.com\/fr\/wp-json\/wp\/v2\/posts\/455107\/revisions"}],"wp:featuredmedia":[{"embeddable":true,"href":"https:\/\/www.europesays.com\/fr\/wp-json\/wp\/v2\/media\/455108"}],"wp:attachment":[{"href":"https:\/\/www.europesays.com\/fr\/wp-json\/wp\/v2\/media?parent=455107"}],"wp:term":[{"taxonomy":"category","embeddable":true,"href":"https:\/\/www.europesays.com\/fr\/wp-json\/wp\/v2\/categories?post=455107"},{"taxonomy":"post_tag","embeddable":true,"href":"https:\/\/www.europesays.com\/fr\/wp-json\/wp\/v2\/tags?post=455107"}],"curies":[{"name":"wp","href":"https:\/\/api.w.org\/{rel}","templated":true}]}}