{"id":455119,"date":"2025-10-11T13:28:12","date_gmt":"2025-10-11T13:28:12","guid":{"rendered":"https:\/\/www.europesays.com\/fr\/455119\/"},"modified":"2025-10-11T13:28:12","modified_gmt":"2025-10-11T13:28:12","slug":"cette-victoire-est-une-decision-dapaisement-la-mosquee-des-bleuets-a-marseille-ne-fermera-pas-le-tribunal-a-tranche","status":"publish","type":"post","link":"https:\/\/www.europesays.com\/fr\/455119\/","title":{"rendered":"\u00ab\u00a0Cette victoire est une d\u00e9cision d&rsquo;apaisement\u00a0\u00bb, la mosqu\u00e9e des Bleuets \u00e0 Marseille ne fermera pas, le tribunal a tranch\u00e9"},"content":{"rendered":"<p class=\"article__intro\">Le tribunal administratif de Marseille a suspendu ce samedi 11 octobre, l&rsquo;ex\u00e9cution de l&rsquo;arr\u00eat\u00e9 ordonnant la fermeture de la mosqu\u00e9e des Bleuets pour deux mois, qui avait \u00e9t\u00e9 pris par la pr\u00e9fecture pour des positions de son imam jug\u00e9es \u00ab\u00a0radicales\u00a0\u00bb.<\/p>\n<p>\n      La Quotidienne Soci\u00e9t\u00e9\n    <\/p>\n<p>\n      De la vie quotidienne aux grands enjeux, recevez tous les jours les sujets qui font la soci\u00e9t\u00e9 locale, comme la justice, l\u2019\u00e9ducation, la sant\u00e9 et la famille.\n    <\/p>\n<p>    France T\u00e9l\u00e9visions utilise votre adresse e-mail afin de vous envoyer la newsletter \u00ab\u00a0La Quotidienne Soci\u00e9t\u00e9\u00a0\u00bb. Vous pouvez vous d\u00e9sinscrire \u00e0 tout moment via le lien en bas de cette newsletter. <a target=\"_blank\" href=\"https:\/\/www.francetelevisions.fr\/groupe\/confidentialite\/politique-de-confidentialite\/politique-de-confidentialite-de-france-televisions-6503\" rel=\"nofollow noopener\">Notre politique de confidentialit\u00e9<\/a><\/p>\n<p>Cette fermeture temporaire, d\u00e9cid\u00e9e par le pr\u00e9fet de r\u00e9gion Georges-Fran\u00e7ois Leclerc le 6 octobre, porte \u00ab\u00a0atteinte \u00e0 la libert\u00e9 fondamentale du culte\u00a0\u00bb, a estim\u00e9 le juge des r\u00e9f\u00e9r\u00e9s libert\u00e9, selon un communiqu\u00e9 de presse du tribunal administratif.<\/p>\n<p>\u00a0\u00bb Nous sommes heureux de vous annoncer que la mosqu\u00e9e reste ouverte\u00a0\u00bb, annonce l&rsquo;association des Bleuets \u00e0 ses fid\u00e8les ce samedi 11 octobre.<\/p>\n<p>\u00ab\u00a0Nous tenons \u00e0 remercier les fid\u00e8les, b\u00e9n\u00e9voles, \u00e9l\u00e8ves, sympathisants qui se sont mobilis\u00e9s dans ce but ainsi que l&rsquo;ensemble des avocats qui se sont mobilis\u00e9s\u00a0\u00bb a ajout\u00e9 l&rsquo;association.<\/p>\n<p>Elle explique \u00e9galement que \u00ab\u00a0dans un esprit d&rsquo;apaisement des relations de notre association avec les services de la pr\u00e9fecture des Bouches-du-Rh\u00f4ne, nous allons les contacter afin de planifier une rencontre\u00a0\u00bb.<\/p>\n<p>Il souligne aussi que \u00ab\u00a0la fermeture du lieu de culte cr\u00e9e une situation d&rsquo;urgence \u00e0 l&rsquo;\u00e9gard de l&rsquo;association ainsi priv\u00e9e de son activit\u00e9 principale\u00a0\u00bb, et des fid\u00e8les, \u00ab\u00a0tout particuli\u00e8rement ceux \u00e0 mobilit\u00e9 r\u00e9duite\u00a0\u00bb.<br \/>\u00ab\u00a0Les propos et publications de l&rsquo;imam mis en cause sur les r\u00e9seaux sociaux, anciens ou plus r\u00e9cents ne pr\u00e9sentent pas une menace actuelle de provoquer la haine ou la violence de personnes ou de groupes de personnes\u00a0\u00bb, a \u00e9galement estim\u00e9 le tribunal.<\/p>\n<p>\u00ab\u00a0Cette victoire est une d\u00e9cision d&rsquo;apaisement\u00a0\u00bb, a r\u00e9agi aupr\u00e8s de l&rsquo;AFP l&rsquo;avocat de la mosqu\u00e9e, Me Sefen Guez Guez, estimant qu'\u00a0\u00bbil est temps de laisser la mosqu\u00e9e poursuivre ses activit\u00e9s dans la s\u00e9r\u00e9nit\u00e9\u00a0\u00bb.\u00a0<\/p>\n<p>Il y a un an, la pr\u00e9fecture de police des Bouches-du-Rh\u00f4ne avait d\u00e9j\u00e0 menac\u00e9 de fermer cette mosqu\u00e9e des quartiers Nord.<\/p>\n<p>L&rsquo;imam Ismail (Sma\u00efn Bendjilali de son vrai nom) avait alors promis de passer un dipl\u00f4me sur la la\u00efcit\u00e9, permettant au lieu de culte de rester ouvert malgr\u00e9 les tensions r\u00e9currentes entre les autorit\u00e9s et l&rsquo;institution religieuse. Fin mai, il avait \u00e9t\u00e9 condamn\u00e9 \u00e0 six mois de prison avec sursis pour apologie du terrorisme pour avoir partag\u00e9 un post sur X en lien avec l&rsquo;attaque du 7 octobre 2023 en Isra\u00ebl. Une d\u00e9cision dont il a fait appel. Le tribunal note que, \u00ab\u00a0depuis la reprise de son activit\u00e9 de l&rsquo;int\u00e9ress\u00e9 \u00e0 la mosqu\u00e9e, aucun comportement contraire \u00e0 la loi de 1905, n&rsquo;est \u00e9tabli\u00a0\u00bb et \u00ab\u00a0aucun fid\u00e8le de la mosqu\u00e9e n&rsquo;a non plus \u00e9t\u00e9 mis en cause\u00a0\u00bb.<br \/>L&rsquo;arr\u00eat\u00e9 pr\u00e9fectoral accusait la mosqu\u00e9e et son imam d&rsquo;avoir sur les r\u00e9seaux sociaux \u00ab\u00a0des positions favorables \u00e0 l&rsquo;organisation terroriste Hamas et, sous couvert d&rsquo;antisionisme, haineuses \u00e0 l&rsquo;encontre de l&rsquo;\u00c9tat d&rsquo;Isra\u00ebl\u00a0\u00bb.<\/p>\n<p>\u00ab\u00a0Je mets au d\u00e9fi l&rsquo;administration de trouver une seule mosqu\u00e9e \u00e0 Marseille o\u00f9 des rabbins et des pr\u00eatres viennent assister \u00e0 la pri\u00e8re du vendredi\u00a0\u00bb, s&rsquo;est d\u00e9fendu l&rsquo;imam durant l&rsquo;audience de vendredi, exceptionnellement autoris\u00e9 \u00e0 prendre la parole.<br \/>Georges-Fran\u00e7ois Leclerc, pr\u00e9fet de Provence-Alpes-C\u00f4te d&rsquo;Azur depuis janvier, avait retir\u00e9 le contrat d&rsquo;association avec l&rsquo;\u00c9tat du lyc\u00e9e musulman Averro\u00e8s de Lille lorsqu&rsquo;il \u00e9tait pr\u00e9fet du Nord en 2023.<\/p>\n<p>Finalement, le tribunal administratif lui avait donn\u00e9 tort, r\u00e9tablissant en avril ce contrat d&rsquo;association.<\/p>\n","protected":false},"excerpt":{"rendered":"Le tribunal administratif de Marseille a suspendu ce samedi 11 octobre, l&rsquo;ex\u00e9cution de l&rsquo;arr\u00eat\u00e9 ordonnant la fermeture de&hellip;\n","protected":false},"author":2,"featured_media":455120,"comment_status":"","ping_status":"","sticky":false,"template":"","format":"standard","meta":{"footnotes":""},"categories":[2814],"tags":[1111,11,1777,674,1011,27,884,12,882,25],"class_list":{"0":"post-455119","1":"post","2":"type-post","3":"status-publish","4":"format-standard","5":"has-post-thumbnail","7":"category-marseille","8":"tag-actu","9":"tag-actualites","10":"tag-eu","11":"tag-europe","12":"tag-fr","13":"tag-france","14":"tag-marseille","15":"tag-news","16":"tag-provence-alpes-cote-dazur","17":"tag-republique-francaise"},"share_on_mastodon":{"url":"https:\/\/pubeurope.com\/@fr\/115355772757257366","error":""},"_links":{"self":[{"href":"https:\/\/www.europesays.com\/fr\/wp-json\/wp\/v2\/posts\/455119","targetHints":{"allow":["GET"]}}],"collection":[{"href":"https:\/\/www.europesays.com\/fr\/wp-json\/wp\/v2\/posts"}],"about":[{"href":"https:\/\/www.europesays.com\/fr\/wp-json\/wp\/v2\/types\/post"}],"author":[{"embeddable":true,"href":"https:\/\/www.europesays.com\/fr\/wp-json\/wp\/v2\/users\/2"}],"replies":[{"embeddable":true,"href":"https:\/\/www.europesays.com\/fr\/wp-json\/wp\/v2\/comments?post=455119"}],"version-history":[{"count":0,"href":"https:\/\/www.europesays.com\/fr\/wp-json\/wp\/v2\/posts\/455119\/revisions"}],"wp:featuredmedia":[{"embeddable":true,"href":"https:\/\/www.europesays.com\/fr\/wp-json\/wp\/v2\/media\/455120"}],"wp:attachment":[{"href":"https:\/\/www.europesays.com\/fr\/wp-json\/wp\/v2\/media?parent=455119"}],"wp:term":[{"taxonomy":"category","embeddable":true,"href":"https:\/\/www.europesays.com\/fr\/wp-json\/wp\/v2\/categories?post=455119"},{"taxonomy":"post_tag","embeddable":true,"href":"https:\/\/www.europesays.com\/fr\/wp-json\/wp\/v2\/tags?post=455119"}],"curies":[{"name":"wp","href":"https:\/\/api.w.org\/{rel}","templated":true}]}}