{"id":455123,"date":"2025-10-11T13:30:19","date_gmt":"2025-10-11T13:30:19","guid":{"rendered":"https:\/\/www.europesays.com\/fr\/455123\/"},"modified":"2025-10-11T13:30:19","modified_gmt":"2025-10-11T13:30:19","slug":"lyon-la-prefecture-recrute-ses-futurs-policiers-sur-le-terrain-du-lou-rugby-ce-samedi","status":"publish","type":"post","link":"https:\/\/www.europesays.com\/fr\/455123\/","title":{"rendered":"Lyon. La pr\u00e9fecture recrute ses futurs policiers sur le terrain du LOU Rugby ce samedi"},"content":{"rendered":"<p>La pr\u00e9fecture du Rh\u00f4ne compte sur le rugby pour s\u00e9duire ses futurs policiers. Pr\u00e8s d\u2019un an apr\u00e8s le lancement d\u2019une vaste campagne de recrutement, qui a d\u00e9j\u00e0 convaincu 346 jeunes, l\u2019institution s\u2019associe ce week-end au LOU Rugby pour poursuivre son initiative.<\/p>\n<p>Ce samedi 11\u00a0octobre, lors de la rencontre de TOP 14 opposant le LOU \u00e0 Perpignan au Matmut Stadium, la police nationale installera un stand sur le parvis du stade. Les spectateurs pourront y rencontrer des policiers adjoints, des motards CRS, ou encore tester un simulateur de tir laser. Objectif\u00a0: faire d\u00e9couvrir un m\u00e9tier de terrain et susciter des vocations.<\/p>\n<p>  Quand rugby et s\u00e9curit\u00e9 partagent les m\u00eames valeurs<\/p>\n<p>Le pr\u00e9fet d\u00e9l\u00e9gu\u00e9 pour la d\u00e9fense et la s\u00e9curit\u00e9, Antoine Gu\u00e9rin, donnera le coup d\u2019envoi fictif de la rencontre, aux c\u00f4t\u00e9s d\u2019une polici\u00e8re et joueuse de rugby. \u00ab\u00a0Vivre l\u2019exceptionnel au quotidien\u00a0\u00bb, le slogan de la campagne, trouve ici tout son sens\u00a0: au croisement du d\u00e9passement de soi et du service public.<\/p>\n<p><strong>\u00c0 lire aussi &gt;&gt; <a href=\"https:\/\/www.leprogres.fr\/faits-divers-justice\/2025\/10\/08\/on-ne-sait-plus-quoi-faire-a-lyon-des-policiers-distribuent-des-tracts-pour-alerter-sur-un-manque-de-moyens\" target=\"_blank\" rel=\"noopener\">\u00ab On ne sait plus quoi faire\u00a0\u00bb\u00a0: \u00e0 Lyon, des policiers distribuent des tracts pour alerter sur un manque de moyens<\/a><\/strong><\/p>\n<p>\u00c0 travers cette op\u00e9ration, la pr\u00e9fecture esp\u00e8re rapprocher la jeunesse lyonnaise d\u2019un univers professionnel en misant sur des valeurs communes au sport et \u00e0 la police \u2014 courage, solidarit\u00e9 et engagement collectif.<\/p>\n","protected":false},"excerpt":{"rendered":"La pr\u00e9fecture du Rh\u00f4ne compte sur le rugby pour s\u00e9duire ses futurs policiers. Pr\u00e8s d\u2019un an apr\u00e8s le&hellip;\n","protected":false},"author":2,"featured_media":455124,"comment_status":"","ping_status":"","sticky":false,"template":"","format":"standard","meta":{"footnotes":""},"categories":[1889],"tags":[1111,11,2430,2757,341,1777,674,274,1011,27,2428,2756,12,25,479,801,517],"class_list":{"0":"post-455123","1":"post","2":"type-post","3":"status-publish","4":"format-standard","5":"has-post-thumbnail","7":"category-lyon","8":"tag-actu","9":"tag-actualites","10":"tag-auvergne-rhone-alpes","11":"tag-edition-lyon-villeurbanne","12":"tag-emploi","13":"tag-eu","14":"tag-europe","15":"tag-faits-divers-justice","16":"tag-fr","17":"tag-france","18":"tag-lyon","19":"tag-lyon-bassin","20":"tag-news","21":"tag-republique-francaise","22":"tag-rugby","23":"tag-social","24":"tag-sport"},"share_on_mastodon":{"url":"https:\/\/pubeurope.com\/@fr\/115355780553035801","error":""},"_links":{"self":[{"href":"https:\/\/www.europesays.com\/fr\/wp-json\/wp\/v2\/posts\/455123","targetHints":{"allow":["GET"]}}],"collection":[{"href":"https:\/\/www.europesays.com\/fr\/wp-json\/wp\/v2\/posts"}],"about":[{"href":"https:\/\/www.europesays.com\/fr\/wp-json\/wp\/v2\/types\/post"}],"author":[{"embeddable":true,"href":"https:\/\/www.europesays.com\/fr\/wp-json\/wp\/v2\/users\/2"}],"replies":[{"embeddable":true,"href":"https:\/\/www.europesays.com\/fr\/wp-json\/wp\/v2\/comments?post=455123"}],"version-history":[{"count":0,"href":"https:\/\/www.europesays.com\/fr\/wp-json\/wp\/v2\/posts\/455123\/revisions"}],"wp:featuredmedia":[{"embeddable":true,"href":"https:\/\/www.europesays.com\/fr\/wp-json\/wp\/v2\/media\/455124"}],"wp:attachment":[{"href":"https:\/\/www.europesays.com\/fr\/wp-json\/wp\/v2\/media?parent=455123"}],"wp:term":[{"taxonomy":"category","embeddable":true,"href":"https:\/\/www.europesays.com\/fr\/wp-json\/wp\/v2\/categories?post=455123"},{"taxonomy":"post_tag","embeddable":true,"href":"https:\/\/www.europesays.com\/fr\/wp-json\/wp\/v2\/tags?post=455123"}],"curies":[{"name":"wp","href":"https:\/\/api.w.org\/{rel}","templated":true}]}}