{"id":455125,"date":"2025-10-11T13:34:13","date_gmt":"2025-10-11T13:34:13","guid":{"rendered":"https:\/\/www.europesays.com\/fr\/455125\/"},"modified":"2025-10-11T13:34:13","modified_gmt":"2025-10-11T13:34:13","slug":"une-lettre-anonyme-menacante-retrouvee-a-notre-dame-de-paris-ce-qui-etait-ecrit","status":"publish","type":"post","link":"https:\/\/www.europesays.com\/fr\/455125\/","title":{"rendered":"Une lettre anonyme mena\u00e7ante retrouv\u00e9e \u00e0 Notre-Dame de Paris : ce qui \u00e9tait \u00e9crit"},"content":{"rendered":"<p>            Par<br \/>\n        <strong><br \/>\n            <a href=\"https:\/\/actu.fr\/auteur\/antoine-grotteria02\" title=\"Consulter tous les articles de Antoine Grotteria\" target=\"_blank\" rel=\"noopener\">Antoine Grotteria<\/a><br \/>\n        <\/strong><\/p>\n<p>        Publi\u00e9 le<\/p>\n<p>            11 oct. 2025 \u00e0 15h10        <\/p>\n<p>R\u00e9elle menace ou canular de mauvais go\u00fbt ? Ce samedi 11 octobre 2025, le myst\u00e8re reste entier au lendemain de la d\u00e9couverte d\u2019une <strong>\u00e9trange lettre anonyme<\/strong> dans la <a href=\"https:\/\/actu.fr\/tag\/cathedrale-notre-dame-de-paris\" target=\"_blank\" rel=\"noopener\">cath\u00e9drale Notre-Dame de Paris<\/a>, selon une information du <a href=\"https:\/\/www.lefigaro.fr\/faits-divers\/paris-une-lettre-alertant-sur-un-risque-d-attentat-ce-week-end-decouverte-dans-la-cathedrale-notre-dame-20251011\" target=\"_blank\" rel=\"noopener\">Figaro<\/a> confirm\u00e9e \u00e0 actu Paris par la <a href=\"https:\/\/actu.fr\/tag\/prefecture-de-police-de-paris\" target=\"_blank\" rel=\"noopener\">pr\u00e9fecture de police de Paris<\/a>.\u00a0<\/p>\n<p>Aucun risque \u00e9tabli<\/p>\n<p class=\" wall-content\">D\u2019apr\u00e8s la pr\u00e9fecture, le message a \u00e9t\u00e9 retrouv\u00e9 vers 17 heures, ce vendredi 10 octobre 2025, alors que la cath\u00e9drale accueillait des visiteurs. La missive aurait fait \u00e9tat d\u2019un \u00ab\u00a0<strong>carnage<\/strong>\u00a0\u00bb qui serait commis \u00ab\u00a0le (samedi) 11 et (dimanche) 12 octobre\u00a0\u00bb \u00e0 l\u2019aide de \u00ab\u00a0<strong>couteaux<\/strong> cach\u00e9(s) dans la cath\u00e9drale ces derniers jours\u00a0\u00bb, rapporte Le Figaro.\u00a0<\/p>\n<p class=\" wall-content\">La menace a \u00e9t\u00e9 suffisamment prise au s\u00e9rieuse pour inciter les services de s\u00e9curit\u00e9 de l\u2019\u00e9difice \u00e0 effectuer des \u00ab\u00a0<strong>prospections qui permettaient de lever le doute<\/strong>\u00ab\u00a0, indique la pr\u00e9fecture de police. Avant l\u2019ouverture du lieu de culte, \u00ab\u00a0une inspection de s\u00e9curit\u00e9\u00a0\u00bb a \u00e9t\u00e9 effectu\u00e9e par les forces de l\u2019ordre et les services de s\u00e9curit\u00e9. Le \u00ab\u00a0risque\u00a0\u00bb a \u00e9t\u00e9 <strong>\u00e9cart\u00e9<\/strong>. \u00ab\u00a0Les responsables de la cath\u00e9drale se r\u00e9servent le droit de d\u00e9poser plainte\u00a0\u00bb, font savoir les autorit\u00e9s.\u00a0<\/p>\n<p class=\" wall-content\">En avril 2025, un <a href=\"https:\/\/actu.fr\/ile-de-france\/paris_75056\/paris-un-message-annoncant-un-attentat-decouvert-a-notre-dame-une-enquete-ouverte-pour-fausse-information_62536688.html\" target=\"_blank\" rel=\"noopener\">message<\/a> indiquant la survenue d\u2019un attentat avait \u00e9t\u00e9 d\u00e9couvert dans l\u2019\u00e9difice r\u00e9nov\u00e9 en d\u00e9cembre 2024. Une <strong>enqu\u00eate<\/strong> avait \u00e9t\u00e9 ouverte pour \u00ab menace mat\u00e9rialis\u00e9e de crime contre les personnes, commise en raison de la race, l\u2019ethnie, la nation ou la religion\u2009\u00bb et \u00ab\u2009divulgation d\u2019information fausse afin de faire croire \u00e0 une destruction dangereuse\u2009\u00bb<\/p>\n<p class=\" wall-content\">Personnalisez votre actualit\u00e9 en ajoutant vos villes et m\u00e9dias en favori avec <a href=\"https:\/\/moncompte.actu.fr\" title=\"D\u00e9couvez Mon Actu\" rel=\"nofollow noopener\" data-trk=\"{&quot;cta&quot;:{&quot;action&quot;:&quot;https:\\\/\\\/moncompte.actu.fr&quot;,&quot;category&quot;:&quot;mon compte&quot;,&quot;from&quot;:&quot;article footer&quot;,&quot;name&quot;:&quot;Mon actu&quot;,&quot;type&quot;:&quot;cta&quot;}}\" target=\"_blank\">Mon Actu<\/a>.<\/p>\n","protected":false},"excerpt":{"rendered":"Par Antoine Grotteria Publi\u00e9 le 11 oct. 2025 \u00e0 15h10 R\u00e9elle menace ou canular de mauvais go\u00fbt ?&hellip;\n","protected":false},"author":2,"featured_media":455126,"comment_status":"","ping_status":"","sticky":false,"template":"","format":"standard","meta":{"footnotes":""},"categories":[1888],"tags":[1111,1928,11,1927,5581,8777,1777,674,118,1011,27,12,1926,626,1925,25,1254],"class_list":{"0":"post-455125","1":"post","2":"type-post","3":"status-publish","4":"format-standard","5":"has-post-thumbnail","7":"category-paris","8":"tag-actu","9":"tag-actu-paris","10":"tag-actualites","11":"tag-actualites-paris","12":"tag-attentat","13":"tag-cathedrale-notre-dame-de-paris","14":"tag-eu","15":"tag-europe","16":"tag-faits-divers","17":"tag-fr","18":"tag-france","19":"tag-news","20":"tag-news-paris","21":"tag-paris","22":"tag-paris-news","23":"tag-republique-francaise","24":"tag-terrorisme"},"share_on_mastodon":{"url":"https:\/\/pubeurope.com\/@fr\/115355796424591150","error":""},"_links":{"self":[{"href":"https:\/\/www.europesays.com\/fr\/wp-json\/wp\/v2\/posts\/455125","targetHints":{"allow":["GET"]}}],"collection":[{"href":"https:\/\/www.europesays.com\/fr\/wp-json\/wp\/v2\/posts"}],"about":[{"href":"https:\/\/www.europesays.com\/fr\/wp-json\/wp\/v2\/types\/post"}],"author":[{"embeddable":true,"href":"https:\/\/www.europesays.com\/fr\/wp-json\/wp\/v2\/users\/2"}],"replies":[{"embeddable":true,"href":"https:\/\/www.europesays.com\/fr\/wp-json\/wp\/v2\/comments?post=455125"}],"version-history":[{"count":0,"href":"https:\/\/www.europesays.com\/fr\/wp-json\/wp\/v2\/posts\/455125\/revisions"}],"wp:featuredmedia":[{"embeddable":true,"href":"https:\/\/www.europesays.com\/fr\/wp-json\/wp\/v2\/media\/455126"}],"wp:attachment":[{"href":"https:\/\/www.europesays.com\/fr\/wp-json\/wp\/v2\/media?parent=455125"}],"wp:term":[{"taxonomy":"category","embeddable":true,"href":"https:\/\/www.europesays.com\/fr\/wp-json\/wp\/v2\/categories?post=455125"},{"taxonomy":"post_tag","embeddable":true,"href":"https:\/\/www.europesays.com\/fr\/wp-json\/wp\/v2\/tags?post=455125"}],"curies":[{"name":"wp","href":"https:\/\/api.w.org\/{rel}","templated":true}]}}