{"id":455127,"date":"2025-10-11T13:35:12","date_gmt":"2025-10-11T13:35:12","guid":{"rendered":"https:\/\/www.europesays.com\/fr\/455127\/"},"modified":"2025-10-11T13:35:12","modified_gmt":"2025-10-11T13:35:12","slug":"une-lettre-alertant-sur-un-risque-dattentat-decouverte-dans-la-cathedrale","status":"publish","type":"post","link":"https:\/\/www.europesays.com\/fr\/455127\/","title":{"rendered":"une lettre alertant sur un risque d\u2019attentat d\u00e9couverte dans la cath\u00e9drale"},"content":{"rendered":"<p>Une lettre alertant sur un risque d\u2019attentat ce week-end a \u00e9t\u00e9 d\u00e9couverte ce vendredi 10 octobre dans la cath\u00e9drale Notre-Dame de Paris. Le risque a depuis \u00e9t\u00e9 lev\u00e9 et la cath\u00e9drale a rouvert au public.<\/p>\n<p>Une lettre anonyme alertant sur un risque d\u2019attentat ce vendredi 10 et samedi 11 octobre a \u00e9t\u00e9 d\u00e9couverte ce vendredi aux alentours de 17 heures dans la <a href=\"https:\/\/www.bfmtv.com\/societe\/les-images-des-deux-tours-renovees-de-la-cathedrale-notre-dame-qui-rouvrent-au-public-ce-week-end_AV-202509190250.html\" title=\"Les images au c\u0153ur des tours restaur\u00e9es de la cath\u00e9drale Notre-Dame qui rouvrent au public ce week-end\" class=\"internal_link\" rel=\"nofollow noopener\" target=\"_blank\">cath\u00e9drale Notre-Dame de Paris<\/a>, a appris BFMTV de source polici\u00e8re, <a href=\"https:\/\/www.lefigaro.fr\/faits-divers\/paris-une-lettre-alertant-sur-un-risque-d-attentat-ce-week-end-decouverte-dans-la-cathedrale-notre-dame-20251011\" target=\"_blank\" class=\"external_link\" rel=\"nofollow noopener\">confirmant les informations du Figaro<\/a>.<\/p>\n<p>D\u00e8s ce vendredi soir, les services de s\u00e9curit\u00e9 de l&rsquo;\u00e9difice ont effectu\u00e9 des prospections permettant de lever les doutes. De nouvelles v\u00e9rifications ont \u00e9t\u00e9 r\u00e9alis\u00e9es ce samedi matin. Une \u00ab\u00a0inspection de s\u00e9curit\u00e9 r\u00e9alis\u00e9e conjointement par le service de s\u00e9curit\u00e9 de la cath\u00e9drale et les effectifs de la direction de l&rsquo;ordre public et de la circulation de la pr\u00e9fecture de police a permis d&rsquo;\u00e9carter tout risque\u00a0\u00bb, nous indique la pr\u00e9fecture de police de Paris.<\/p>\n<p>La cath\u00e9drale rouverte au public<\/p>\n<p>La cath\u00e9drale a ainsi pu rouvrir ses portes au public ce samedi matin. \u00ab\u00a0Les effectifs de la pr\u00e9fecture de police appuy\u00e9s par les militaires de la Force Sentinelle sont en permanence pleinement mobilis\u00e9s pour assurer la s\u00e9curit\u00e9 du site\u00a0\u00bb, pr\u00e9cise la pr\u00e9fecture de police.<\/p>\n<p>Les responsables de la cath\u00e9drale envisagent de porter plainte.<\/p>\n","protected":false},"excerpt":{"rendered":"Une lettre alertant sur un risque d\u2019attentat ce week-end a \u00e9t\u00e9 d\u00e9couverte ce vendredi 10 octobre dans la&hellip;\n","protected":false},"author":2,"featured_media":455128,"comment_status":"","ping_status":"","sticky":false,"template":"","format":"standard","meta":{"footnotes":""},"categories":[1888],"tags":[1111,1928,11,1927,1777,674,1011,27,12,1926,626,1925,25],"class_list":{"0":"post-455127","1":"post","2":"type-post","3":"status-publish","4":"format-standard","5":"has-post-thumbnail","7":"category-paris","8":"tag-actu","9":"tag-actu-paris","10":"tag-actualites","11":"tag-actualites-paris","12":"tag-eu","13":"tag-europe","14":"tag-fr","15":"tag-france","16":"tag-news","17":"tag-news-paris","18":"tag-paris","19":"tag-paris-news","20":"tag-republique-francaise"},"share_on_mastodon":{"url":"https:\/\/pubeurope.com\/@fr\/115355800457455214","error":""},"_links":{"self":[{"href":"https:\/\/www.europesays.com\/fr\/wp-json\/wp\/v2\/posts\/455127","targetHints":{"allow":["GET"]}}],"collection":[{"href":"https:\/\/www.europesays.com\/fr\/wp-json\/wp\/v2\/posts"}],"about":[{"href":"https:\/\/www.europesays.com\/fr\/wp-json\/wp\/v2\/types\/post"}],"author":[{"embeddable":true,"href":"https:\/\/www.europesays.com\/fr\/wp-json\/wp\/v2\/users\/2"}],"replies":[{"embeddable":true,"href":"https:\/\/www.europesays.com\/fr\/wp-json\/wp\/v2\/comments?post=455127"}],"version-history":[{"count":0,"href":"https:\/\/www.europesays.com\/fr\/wp-json\/wp\/v2\/posts\/455127\/revisions"}],"wp:featuredmedia":[{"embeddable":true,"href":"https:\/\/www.europesays.com\/fr\/wp-json\/wp\/v2\/media\/455128"}],"wp:attachment":[{"href":"https:\/\/www.europesays.com\/fr\/wp-json\/wp\/v2\/media?parent=455127"}],"wp:term":[{"taxonomy":"category","embeddable":true,"href":"https:\/\/www.europesays.com\/fr\/wp-json\/wp\/v2\/categories?post=455127"},{"taxonomy":"post_tag","embeddable":true,"href":"https:\/\/www.europesays.com\/fr\/wp-json\/wp\/v2\/tags?post=455127"}],"curies":[{"name":"wp","href":"https:\/\/api.w.org\/{rel}","templated":true}]}}