{"id":455131,"date":"2025-10-11T13:37:10","date_gmt":"2025-10-11T13:37:10","guid":{"rendered":"https:\/\/www.europesays.com\/fr\/455131\/"},"modified":"2025-10-11T13:37:10","modified_gmt":"2025-10-11T13:37:10","slug":"info-paris-match-lavocate-qui-a-profane-la-tombe-du-soldat-inconnu-hospitalisee-doffice","status":"publish","type":"post","link":"https:\/\/www.europesays.com\/fr\/455131\/","title":{"rendered":"INFO PARIS MATCH &#8211; L&rsquo;avocate qui a profan\u00e9 la tombe du soldat inconnu hospitalis\u00e9e d&rsquo;office \u00a0"},"content":{"rendered":"<p class=\"intro\">L&rsquo;avocate p\u00e9naliste de 51 ans a \u00e9t\u00e9 admise dans un \u00e9tablissement de soins psychiatriques.<br \/>&#13;\n<\/p>\n<p>Selon les informations de Paris Match, l\u2019avocate mis en cause dans la profanation de la tombe du soldat inconnu, ce jeudi 9 octobre, a \u00e9t\u00e9 hospitalis\u00e9e d\u2019office. Une information confirm\u00e9e par le parquet de Paris \u00e0 Paris Match.<\/p>\n<p>Cette p\u00e9naliste de 51 ans, rattach\u00e9e au barreau de Meaux (Seine-et-Marne) avait \u00e9t\u00e9 conduite \u00e0 l\u2019infirmerie psychiatrique de la pr\u00e9fecture de police (IPPP) pour une \u00e9valuation de son \u00e9tat psychiatrique, apr\u00e8s son interpellation, <a href=\"https:\/\/www.parismatch.com\/actu\/faits-divers\/info-match-paris-une-avocate-interpellee-apres-avoir-profane-la-tombe-du-soldat-inconnu-258394\" rel=\"nofollow noopener\" target=\"_blank\">comme l\u2019avait r\u00e9v\u00e9l\u00e9 Paris Match<\/a>\u00a0<\/p>\n<p>    La suite apr\u00e8s cette publicit\u00e9<\/p>\n<p>Le jour des faits, vers 15h45, cette avocate, pour une raison qui demeure inconnue, avait saccag\u00e9 des gerbes de fleurs dispos\u00e9es autour de la s\u00e9pulture du soldat inconnu, sous l\u2019Arc de Triomphe, place du G\u00e9n\u00e9ral-de-Gaulle, avant de tenter d\u2019\u00e9chapper \u00e0 son interpellation, notamment en mordant un policier.<\/p>\n","protected":false},"excerpt":{"rendered":"L&rsquo;avocate p\u00e9naliste de 51 ans a \u00e9t\u00e9 admise dans un \u00e9tablissement de soins psychiatriques.&#13; Selon les informations de&hellip;\n","protected":false},"author":2,"featured_media":455132,"comment_status":"","ping_status":"","sticky":false,"template":"","format":"standard","meta":{"footnotes":""},"categories":[1888],"tags":[11,1777,674,1011,27,12,626,25],"class_list":{"0":"post-455131","1":"post","2":"type-post","3":"status-publish","4":"format-standard","5":"has-post-thumbnail","7":"category-paris","8":"tag-actualites","9":"tag-eu","10":"tag-europe","11":"tag-fr","12":"tag-france","13":"tag-news","14":"tag-paris","15":"tag-republique-francaise"},"share_on_mastodon":{"url":"https:\/\/pubeurope.com\/@fr\/115355808197131162","error":""},"_links":{"self":[{"href":"https:\/\/www.europesays.com\/fr\/wp-json\/wp\/v2\/posts\/455131","targetHints":{"allow":["GET"]}}],"collection":[{"href":"https:\/\/www.europesays.com\/fr\/wp-json\/wp\/v2\/posts"}],"about":[{"href":"https:\/\/www.europesays.com\/fr\/wp-json\/wp\/v2\/types\/post"}],"author":[{"embeddable":true,"href":"https:\/\/www.europesays.com\/fr\/wp-json\/wp\/v2\/users\/2"}],"replies":[{"embeddable":true,"href":"https:\/\/www.europesays.com\/fr\/wp-json\/wp\/v2\/comments?post=455131"}],"version-history":[{"count":0,"href":"https:\/\/www.europesays.com\/fr\/wp-json\/wp\/v2\/posts\/455131\/revisions"}],"wp:featuredmedia":[{"embeddable":true,"href":"https:\/\/www.europesays.com\/fr\/wp-json\/wp\/v2\/media\/455132"}],"wp:attachment":[{"href":"https:\/\/www.europesays.com\/fr\/wp-json\/wp\/v2\/media?parent=455131"}],"wp:term":[{"taxonomy":"category","embeddable":true,"href":"https:\/\/www.europesays.com\/fr\/wp-json\/wp\/v2\/categories?post=455131"},{"taxonomy":"post_tag","embeddable":true,"href":"https:\/\/www.europesays.com\/fr\/wp-json\/wp\/v2\/tags?post=455131"}],"curies":[{"name":"wp","href":"https:\/\/api.w.org\/{rel}","templated":true}]}}