{"id":455135,"date":"2025-10-11T13:39:10","date_gmt":"2025-10-11T13:39:10","guid":{"rendered":"https:\/\/www.europesays.com\/fr\/455135\/"},"modified":"2025-10-11T13:39:10","modified_gmt":"2025-10-11T13:39:10","slug":"volodymyr-zelensky-sentretient-avec-donald-trump","status":"publish","type":"post","link":"https:\/\/www.europesays.com\/fr\/455135\/","title":{"rendered":"Volodymyr Zelensky s\u2019entretient avec Donald Trump"},"content":{"rendered":"<p>Le pr\u00e9sident ukrainien <a href=\"https:\/\/www.20minutes.fr\/monde\/volodymyr-zelensky\/\" class=\"c-link c-link--is-underlined\" target=\"_blank\" rel=\"noopener\">Volodymyr Zelensky<\/a> \u00ab\u00a0s\u2019entretient actuellement\u00a0\u00bb avec son homologue am\u00e9ricain <a href=\"https:\/\/www.20minutes.fr\/dossier\/donald_trump\" class=\"c-link c-link--is-underlined\" target=\"_blank\" rel=\"noopener\">Donald Trump<\/a>, a annonc\u00e9 ce samedi 11 octobre sur <a href=\"https:\/\/www.20minutes.fr\/high-tech\/telegram\/\" class=\"c-link c-link--is-underlined\" target=\"_blank\" rel=\"noopener\">Telegram<\/a> le chef de l\u2019administration pr\u00e9sidentielle ukrainienne Andri\u00ef Iermak. Cet entretien se d\u00e9roule au lendemain de l\u2019une des plus importantes <a href=\"https:\/\/www.20minutes.fr\/monde\/ukraine\/4178611-20251010-guerre-ukraine-kiev-frappee-450-drones-pays-plonge-noir-melania-trump-contact-poutine\" class=\"c-link c-link--is-underlined\" target=\"_blank\" rel=\"noopener\">attaques russes<\/a> contre le r\u00e9seau \u00e9nerg\u00e9tique ukrainien, qui a plong\u00e9 dans le noir des centaines de milliers de foyers et caus\u00e9 la mort d\u2019un enfant de sept ans.<\/p>\n<p>Nouvelle attaque russe<\/p>\n<p>Lors d\u2019une conf\u00e9rence de presse vendredi soir \u00e0 Kiev, Volodymyr Zelensky a appel\u00e9 Donald Trump \u00e0 \u00ab\u00a0faire pression\u00a0\u00bb sur <a href=\"https:\/\/www.20minutes.fr\/monde\/vladimir_poutine\/\" class=\"c-link c-link--is-underlined\" target=\"_blank\" rel=\"noopener\">Vladimir Poutine<\/a> pour qu\u2019il cesse les attaques a\u00e9riennes contre l\u2019<a href=\"https:\/\/www.20minutes.fr\/monde\/ukraine\/\" class=\"c-link c-link--is-underlined\" target=\"_blank\" rel=\"noopener\">Ukraine<\/a>. Samedi, une nouvelle attaque russe ayant vis\u00e9 le syst\u00e8me \u00e9nerg\u00e9tique a priv\u00e9 d\u2019\u00e9lectricit\u00e9 plusieurs parties de la r\u00e9gion d\u2019<a href=\"https:\/\/www.20minutes.fr\/dossier\/odessa\" class=\"c-link c-link--is-underlined\" target=\"_blank\" rel=\"noopener\">Odessa<\/a>, dans le sud du pays, selon les autorit\u00e9s.<\/p>\n<p><a href=\"https:\/\/www.20minutes.fr\/monde\/ukraine\/\" class=\"c-link c-btn c-btn--primary\" target=\"_blank\" rel=\"noopener\">Notre dossier sur la \u00abGuerre en Ukraine\u00bb<\/a><\/p>\n<p>Une d\u00e9l\u00e9gation ukrainienne doit se rendre \u00ab\u00a0en d\u00e9but de semaine prochaine\u00a0\u00bb aux Etats-Unis pour des discussions portant sur de possibles sanctions, l\u2019\u00e9nergie, et la d\u00e9fense anti-a\u00e9rienne de l\u2019Ukraine, a annonc\u00e9 jeudi Volodymyr Zelensky.<\/p>\n<\/p>\n<p>Le pr\u00e9sident ukrainien a pr\u00e9cis\u00e9 que cette d\u00e9l\u00e9gation sera men\u00e9e par la Premi\u00e8re ministre Ioulia Svyrydenko et le chef de l\u2019administration pr\u00e9sidentielle. \u00ab\u00a0La question du gel des actifs sera \u00e9galement discut\u00e9e avec les Etats-Unis\u00a0\u00bb, a ajout\u00e9 le dirigeant ukrainien. Depuis son invasion en\u00a02022, la Russie cible chaque hiver le r\u00e9seau \u00e9nerg\u00e9tique ukrainien, privant d\u2019\u00e9lectricit\u00e9 et de chauffage des millions de foyers et perturbant l\u2019approvisionnement en eau, ce que <a href=\"https:\/\/www.20minutes.fr\/dossier\/kiev\" class=\"c-link c-link--is-underlined\" target=\"_blank\" rel=\"noopener\">Kiev<\/a> qualifie de crime de guerre. La <a href=\"https:\/\/www.20minutes.fr\/monde\/russie\/\" class=\"c-link c-link--is-underlined\" target=\"_blank\" rel=\"noopener\">Russie<\/a> nie prendre pour cible des civils et affirme que l\u2019Ukraine utilise les sites \u00e9nerg\u00e9tiques pour alimenter son secteur militaire.<\/p>\n","protected":false},"excerpt":{"rendered":"Le pr\u00e9sident ukrainien Volodymyr Zelensky \u00ab\u00a0s\u2019entretient actuellement\u00a0\u00bb avec son homologue am\u00e9ricain Donald Trump, a annonc\u00e9 ce samedi 11&hellip;\n","protected":false},"author":2,"featured_media":455136,"comment_status":"","ping_status":"","sticky":false,"template":"","format":"standard","meta":{"footnotes":""},"categories":[1590],"tags":[47,11,75,564,73,1777,674,131,4997,3343,74,12,2403,132,220,135,134],"class_list":{"0":"post-455135","1":"post","2":"type-post","3":"status-publish","4":"format-standard","5":"has-post-thumbnail","7":"category-ukraine","8":"tag-actualite","9":"tag-actualites","10":"tag-donald-trump","11":"tag-drone","12":"tag-etats-unis","13":"tag-eu","14":"tag-europe","15":"tag-guerre-en-ukraine","16":"tag-kiev-kyiv","17":"tag-missile","18":"tag-monde","19":"tag-news","20":"tag-paix","21":"tag-russie","22":"tag-ukraine","23":"tag-vladimir-poutine","24":"tag-volodymyr-zelensky"},"share_on_mastodon":{"url":"https:\/\/pubeurope.com\/@fr\/115355816325702412","error":""},"_links":{"self":[{"href":"https:\/\/www.europesays.com\/fr\/wp-json\/wp\/v2\/posts\/455135","targetHints":{"allow":["GET"]}}],"collection":[{"href":"https:\/\/www.europesays.com\/fr\/wp-json\/wp\/v2\/posts"}],"about":[{"href":"https:\/\/www.europesays.com\/fr\/wp-json\/wp\/v2\/types\/post"}],"author":[{"embeddable":true,"href":"https:\/\/www.europesays.com\/fr\/wp-json\/wp\/v2\/users\/2"}],"replies":[{"embeddable":true,"href":"https:\/\/www.europesays.com\/fr\/wp-json\/wp\/v2\/comments?post=455135"}],"version-history":[{"count":0,"href":"https:\/\/www.europesays.com\/fr\/wp-json\/wp\/v2\/posts\/455135\/revisions"}],"wp:featuredmedia":[{"embeddable":true,"href":"https:\/\/www.europesays.com\/fr\/wp-json\/wp\/v2\/media\/455136"}],"wp:attachment":[{"href":"https:\/\/www.europesays.com\/fr\/wp-json\/wp\/v2\/media?parent=455135"}],"wp:term":[{"taxonomy":"category","embeddable":true,"href":"https:\/\/www.europesays.com\/fr\/wp-json\/wp\/v2\/categories?post=455135"},{"taxonomy":"post_tag","embeddable":true,"href":"https:\/\/www.europesays.com\/fr\/wp-json\/wp\/v2\/tags?post=455135"}],"curies":[{"name":"wp","href":"https:\/\/api.w.org\/{rel}","templated":true}]}}