{"id":455137,"date":"2025-10-11T13:40:12","date_gmt":"2025-10-11T13:40:12","guid":{"rendered":"https:\/\/www.europesays.com\/fr\/455137\/"},"modified":"2025-10-11T13:40:12","modified_gmt":"2025-10-11T13:40:12","slug":"washington-menace-de-sanctions-les-pays-qui-approuveront-une-taxe-carbone-sur-le-transport-maritime","status":"publish","type":"post","link":"https:\/\/www.europesays.com\/fr\/455137\/","title":{"rendered":"Washington menace de sanctions les pays qui approuveront une taxe carbone sur le transport maritime"},"content":{"rendered":"<p>La marche arri\u00e8re de Donald Trump en mati\u00e8re de climat se poursuit. Les <a href=\"https:\/\/www.20minutes.fr\/monde\/etats-unis\/\" target=\"_blank\" class=\"c-link c-link--is-underlined\" rel=\"noopener\">Etats-Unis<\/a> ont menac\u00e9 vendredi de sanctions tout pays qui voterait en faveur d\u2019une <a href=\"https:\/\/www.20minutes.fr\/dossier\/taxe_carbone\" target=\"_blank\" class=\"c-link c-link--is-underlined\" rel=\"noopener\">taxe carbone<\/a> sur le <a href=\"https:\/\/www.20minutes.fr\/dossier\/transport_maritime\" target=\"_blank\" class=\"c-link c-link--is-underlined\" rel=\"noopener\">transport maritime<\/a>, dans le cadre de l\u2019Organisation maritime internationale (OMI), une agence de l\u2019<a href=\"https:\/\/www.20minutes.fr\/monde\/onu\/\" target=\"_blank\" class=\"c-link c-link--is-underlined\" rel=\"noopener\">ONU<\/a>, d\u00e9non\u00e7ant une mesure \u00ab\u00a0n\u00e9ocoloniale\u00a0\u00bb. \u00ab\u00a0Nous nous battrons avec acharnement pour prot\u00e9ger nos int\u00e9r\u00eats \u00e9conomiques en imposant des co\u00fbts aux pays qui soutiennent le NZF\u00a0\u00bb, cette taxe carbone, ont indiqu\u00e9 le secr\u00e9taire d\u2019Etat am\u00e9ricain <a href=\"https:\/\/www.20minutes.fr\/politique\/marco-rubio\/\" target=\"_blank\" class=\"c-link c-link--is-underlined\" rel=\"noopener\">Marco Rubio<\/a> et ses homologues \u00e0 l\u2019Energie et aux Transports dans un communiqu\u00e9.<\/p>\n<\/p>\n<p>La semaine prochaine, les membres de l\u2019OMI, bas\u00e9e \u00e0 <a href=\"https:\/\/www.20minutes.fr\/dossier\/londres\" target=\"_blank\" class=\"c-link c-link--is-underlined\" rel=\"noopener\">Londres<\/a>, doivent voter sur l\u2019adoption de cet accord dit \u00ab\u00a0NZF\u00a0\u00bb, qui vise \u00e0 r\u00e9duire les \u00e9missions mondiales de <a href=\"https:\/\/www.20minutes.fr\/planete\/co2\/\" target=\"_blank\" class=\"c-link c-link--is-underlined\" rel=\"noopener\">dioxyde de carbone<\/a> provenant du secteur du transport maritime international. \u00ab\u00a0Ce sera la premi\u00e8re fois qu\u2019une organisation des Nations unies imposera une taxe carbone mondiale \u00e0 l\u2019\u00e9chelle internationale\u00a0\u00bb, selon les Etats-Unis.<\/p>\n<p>Des r\u00e9percussions potentiellement \u00ab\u00a0d\u00e9sastreuses\u00a0\u00bb<\/p>\n<p>Washington dit rejeter \u00ab\u00a0cat\u00e9goriquement\u00a0\u00bb cette proposition soumise \u00e0 l\u2019OMI et \u00ab\u00a0ne tol\u00e9rera aucune mesure susceptible d\u2019augmenter les co\u00fbts pour nos citoyens, nos fournisseurs d\u2019\u00e9nergie, nos compagnies maritimes et leurs clients, ou encore nos touristes\u00a0\u00bb, selon le communiqu\u00e9. Pour les Etats-Unis, les r\u00e9percussions \u00e9conomiques de cette mesure \u00ab\u00a0pourraient \u00eatre d\u00e9sastreuses, certaines estimations pr\u00e9voyant une augmentation des co\u00fbts mondiaux du transport maritime pouvant atteindre 10\u00a0% ou plus\u00a0\u00bb.<\/p>\n<p>Depuis son retour au pouvoir, le pr\u00e9sident am\u00e9ricain <a href=\"https:\/\/www.20minutes.fr\/dossier\/donald_trump\" target=\"_blank\" class=\"c-link c-link--is-underlined\" rel=\"noopener\">Donald Trump<\/a> a enclench\u00e9 une marche arri\u00e8re en mati\u00e8re de <a href=\"https:\/\/www.20minutes.fr\/planete\/climat\/\" target=\"_blank\" class=\"c-link c-link--is-underlined\" rel=\"noopener\">climat<\/a>, d\u00e9non\u00e7ant l\u2019accord de Paris de\u00a02015 qui vise \u00e0 limiter le <a href=\"https:\/\/www.20minutes.fr\/dossier\/rechauffement-climatique\" target=\"_blank\" class=\"c-link c-link--is-underlined\" rel=\"noopener\">r\u00e9chauffement<\/a> \u00e0 +\u00a01,5\u00a0\u00b0C id\u00e9alement et soutenant les \u00e9nergies fossiles \u00e0 coups de d\u00e9r\u00e9gulation. Le dirigeant r\u00e9publicain a rejet\u00e9 \u00e0 l\u2019ONU les conclusions scientifiques sur le sujet et accus\u00e9 le \u00ab\u00a0<a href=\"https:\/\/www.20minutes.fr\/dossier\/changement_climatique\" target=\"_blank\" class=\"c-link c-link--is-underlined\" rel=\"noopener\">changement climatique<\/a>\u00a0\u00bb d\u2019\u00eatre \u00ab\u00a0la plus grande arnaque\u00a0\u00bb de l\u2019histoire.<\/p>\n<p><a href=\"https:\/\/www.20minutes.fr\/planete\/climat\/\" target=\"_blank\" class=\"c-link c-btn c-btn--primary\" rel=\"noopener\">Notre dossier sur le climat<\/a><\/p>\n<p>Parmi les sanctions envisag\u00e9es figurent des restrictions de visa ou des frais portuaires suppl\u00e9mentaires aux navires d\u00e9tenus, exploit\u00e9s ou battant pavillon de pays soutenant la taxe carbone.<\/p>\n","protected":false},"excerpt":{"rendered":"La marche arri\u00e8re de Donald Trump en mati\u00e8re de climat se poursuit. Les Etats-Unis ont menac\u00e9 vendredi de&hellip;\n","protected":false},"author":2,"featured_media":455138,"comment_status":"","ping_status":"","sticky":false,"template":"","format":"standard","meta":{"footnotes":""},"categories":[1589],"tags":[14686,47,11,4734,1129,75,73,1866,74,12,3521,5140,55444,2446,1864,1865,1863,308,2744],"class_list":{"0":"post-455137","1":"post","2":"type-post","3":"status-publish","4":"format-standard","5":"has-post-thumbnail","7":"category-etats-unis","8":"tag-accord-de-paris","9":"tag-actualite","10":"tag-actualites","11":"tag-changement-climatique","12":"tag-climat","13":"tag-donald-trump","14":"tag-etats-unis","15":"tag-etats-unis-damerique","16":"tag-monde","17":"tag-news","18":"tag-onu","19":"tag-rechauffement-climatique","20":"tag-taxe-carbone","21":"tag-transport-maritime","22":"tag-united-states","23":"tag-united-states-of-america","24":"tag-us","25":"tag-usa","26":"tag-washington"},"share_on_mastodon":{"url":"https:\/\/pubeurope.com\/@fr\/115355819949134485","error":""},"_links":{"self":[{"href":"https:\/\/www.europesays.com\/fr\/wp-json\/wp\/v2\/posts\/455137","targetHints":{"allow":["GET"]}}],"collection":[{"href":"https:\/\/www.europesays.com\/fr\/wp-json\/wp\/v2\/posts"}],"about":[{"href":"https:\/\/www.europesays.com\/fr\/wp-json\/wp\/v2\/types\/post"}],"author":[{"embeddable":true,"href":"https:\/\/www.europesays.com\/fr\/wp-json\/wp\/v2\/users\/2"}],"replies":[{"embeddable":true,"href":"https:\/\/www.europesays.com\/fr\/wp-json\/wp\/v2\/comments?post=455137"}],"version-history":[{"count":0,"href":"https:\/\/www.europesays.com\/fr\/wp-json\/wp\/v2\/posts\/455137\/revisions"}],"wp:featuredmedia":[{"embeddable":true,"href":"https:\/\/www.europesays.com\/fr\/wp-json\/wp\/v2\/media\/455138"}],"wp:attachment":[{"href":"https:\/\/www.europesays.com\/fr\/wp-json\/wp\/v2\/media?parent=455137"}],"wp:term":[{"taxonomy":"category","embeddable":true,"href":"https:\/\/www.europesays.com\/fr\/wp-json\/wp\/v2\/categories?post=455137"},{"taxonomy":"post_tag","embeddable":true,"href":"https:\/\/www.europesays.com\/fr\/wp-json\/wp\/v2\/tags?post=455137"}],"curies":[{"name":"wp","href":"https:\/\/api.w.org\/{rel}","templated":true}]}}