{"id":455159,"date":"2025-10-11T13:53:13","date_gmt":"2025-10-11T13:53:13","guid":{"rendered":"https:\/\/www.europesays.com\/fr\/455159\/"},"modified":"2025-10-11T13:53:13","modified_gmt":"2025-10-11T13:53:13","slug":"motogp-le-gros-coup-de-gueule-de-johann-zarco-qui-tire-la-sonnette-dalarme","status":"publish","type":"post","link":"https:\/\/www.europesays.com\/fr\/455159\/","title":{"rendered":"MotoGP Le gros coup de gueule de Johann Zarco, qui tire la sonnette d&rsquo;alarme !"},"content":{"rendered":"<p>Le week-end dernier, le Grand-Prix d\u2019Indon\u00e9sie de MotoGP a fait une nouvelle victime et non des moindres. Puisqu\u2019il s\u2019agissait du fra\u00eechement titr\u00e9 Marc Marquez, couronn\u00e9 moins d\u2019une semaine plus t\u00f4t. Un accident assez grave puisque le pilote Ducati, touch\u00e9 \u00e0 l\u2019\u00e9paule, sera indisponible au moins deux semaines, officiellement. Car il pourrait aussi ne pas revenir avant l\u2019an prochain\u2026<\/p>\n<p>MotoGP : que va faire Liberty Media devant la probl\u00e9matique du calendrier ?<\/p>\n<p>Aussi, d\u2019apr\u00e8s <a href=\"https:\/\/lemagsportauto.ouest-france.fr\/tag\/johann-zarco\" target=\"_blank\" rel=\"noopener nofollow\">Johann Zarco<\/a>, le temps de r\u00e9cup\u00e9ration entre les Grand-Prix, le calendrier charg\u00e9 et les temp\u00e9ratures tr\u00e8s \u00e9lev\u00e9es parfois rencontr\u00e9es en Asie, sont des \u00e9l\u00e9ments susceptibles d\u2019entra\u00eener erreurs de jugement et donc, blessures.<\/p>\n<p>[\u2026]\u00ab C\u2019est presque notre championnat qui est dommage pour \u00e7a\u201c, commentait le pilote LCR-Honda, peu de temps apr\u00e8s le drapeau \u00e0 damier de Mandalika. \u201cOn encha\u00eene tellement qu\u2019on n\u2019a m\u00eame pas le temps de profiter d\u2019un titre mondial. Parce que ce soit Marc ou n\u2019importe qui, faire une course MotoGP ou simplement rouler sur la MotoGP, il faut \u00eatre dans une condition mentale quand m\u00eame extr\u00eame tout le temps pour pouvoir dominer le sujet. Du coup, au moment o\u00f9 tu veux souffler, tu le payes cash. Et c\u2019est dommage parce qu\u2019il aurait d\u00fb profiter un peu plus de son titre. Mais non, il a eu une soir\u00e9e pour profiter. Et ensuite, il est rentr\u00e9. Je pense que c\u2019est plus l\u2019encha\u00eenement des courses qui fait que tu baisses la garde. M\u00eame si ce n\u2019est pas sa faute, comme par hasard. \u00bb, concluait alors le tricolore, qui n\u2019a pas pour habitude de s\u2019auto-censurer.<\/p>\n<\/p>\n<p>Et effectivement, JZ5 remet sur le tapis un sujet d\u00e9j\u00e0 abord\u00e9, l\u2019an dernier notamment, alors que des pilotes s\u2019\u00e9taient \u00e9vanouis, apr\u00e8s le Grand-Prix, litt\u00e9ralement vid\u00e9s de toutes \u00e9nergie et, probablement aussi, d\u00e9shydrat\u00e9s. Il avait alors \u00e9t\u00e9 \u00e9voqu\u00e9 des courses moins longues, dans les destinations probl\u00e9matiques, pour soulager les pilotes. Attendons donc de voir ce qu\u2019il se produira, sous l\u2019impact de Liberty Media. Qui, en F1, avait plut\u00f4t pouss\u00e9 en faveur d\u2019un nombre plus important de dates, au calendrier\u2026<\/p>\n<blockquote class=\"twitter-tweet\">\n<p dir=\"ltr\" lang=\"en\">From new regulations to increasing inclusion, Randy Mamola, Loris Capirossi, and Wilco Zeelenberg sit down for a wide-ranging conversation covering the sport\u2019s future \ud83d\udd1c<\/p>\n<p>Watch the full vid here \ud83d\udc49 <a href=\"https:\/\/t.co\/8YcjXuBY1B\" rel=\"nofollow\">https:\/\/t.co\/8YcjXuBY1B<\/a> <a href=\"https:\/\/t.co\/FbZ9mUDyUt\" rel=\"nofollow\">pic.twitter.com\/FbZ9mUDyUt<\/a><\/p>\n<p>\u2014 MotoGP\u2122\ud83c\udfc1 (@MotoGP) <a href=\"https:\/\/twitter.com\/MotoGP\/status\/1976552001166016762?ref_src=twsrc%5Etfw\" target=\"_blank\" rel=\"noopener nofollow\">October 10, 2025<\/a><\/p>\n<\/blockquote>\n<p>Article publi\u00e9 le 11\/10\/2025 \u00e0 5h45<\/p>\n<p>                                                            <script async src=\"https:\/\/platform.twitter.com\/widgets.js\" charset=\"utf-8\"><\/script><\/p>\n","protected":false},"excerpt":{"rendered":"Le week-end dernier, le Grand-Prix d\u2019Indon\u00e9sie de MotoGP a fait une nouvelle victime et non des moindres. Puisqu\u2019il&hellip;\n","protected":false},"author":2,"featured_media":455160,"comment_status":"","ping_status":"","sticky":false,"template":"","format":"standard","meta":{"footnotes":""},"categories":[1413],"tags":[1011,27,1741,1457,1456,1458,60],"class_list":{"0":"post-455159","1":"post","2":"type-post","3":"status-publish","4":"format-standard","5":"has-post-thumbnail","7":"category-moto","8":"tag-fr","9":"tag-france","10":"tag-johann-zarco","11":"tag-moto","12":"tag-motocycle","13":"tag-motogp","14":"tag-sports"},"share_on_mastodon":{"url":"https:\/\/pubeurope.com\/@fr\/115355871094840285","error":""},"_links":{"self":[{"href":"https:\/\/www.europesays.com\/fr\/wp-json\/wp\/v2\/posts\/455159","targetHints":{"allow":["GET"]}}],"collection":[{"href":"https:\/\/www.europesays.com\/fr\/wp-json\/wp\/v2\/posts"}],"about":[{"href":"https:\/\/www.europesays.com\/fr\/wp-json\/wp\/v2\/types\/post"}],"author":[{"embeddable":true,"href":"https:\/\/www.europesays.com\/fr\/wp-json\/wp\/v2\/users\/2"}],"replies":[{"embeddable":true,"href":"https:\/\/www.europesays.com\/fr\/wp-json\/wp\/v2\/comments?post=455159"}],"version-history":[{"count":0,"href":"https:\/\/www.europesays.com\/fr\/wp-json\/wp\/v2\/posts\/455159\/revisions"}],"wp:featuredmedia":[{"embeddable":true,"href":"https:\/\/www.europesays.com\/fr\/wp-json\/wp\/v2\/media\/455160"}],"wp:attachment":[{"href":"https:\/\/www.europesays.com\/fr\/wp-json\/wp\/v2\/media?parent=455159"}],"wp:term":[{"taxonomy":"category","embeddable":true,"href":"https:\/\/www.europesays.com\/fr\/wp-json\/wp\/v2\/categories?post=455159"},{"taxonomy":"post_tag","embeddable":true,"href":"https:\/\/www.europesays.com\/fr\/wp-json\/wp\/v2\/tags?post=455159"}],"curies":[{"name":"wp","href":"https:\/\/api.w.org\/{rel}","templated":true}]}}