{"id":455163,"date":"2025-10-11T13:55:12","date_gmt":"2025-10-11T13:55:12","guid":{"rendered":"https:\/\/www.europesays.com\/fr\/455163\/"},"modified":"2025-10-11T13:55:12","modified_gmt":"2025-10-11T13:55:12","slug":"direct-plusieurs-attaques-des-le-depart-de-la-course-suivez-en-direct-le-tour-de-vendee-cycliste-2025","status":"publish","type":"post","link":"https:\/\/www.europesays.com\/fr\/455163\/","title":{"rendered":"Direct. Plusieurs attaques d\u00e8s le d\u00e9part de la course. Suivez en direct le Tour de Vend\u00e9e Cycliste 2025"},"content":{"rendered":"<p class=\"article__intro\">Ce samedi 11 octobre se d\u00e9roule la 52e \u00e9dition du Tour de Vend\u00e9e, derni\u00e8re manche de la Coupe de France. Une \u00e9preuve avec de beaux noms sur la ligne de d\u00e9part. Retrouvez ici le direct comment\u00e9 de la course.<\/p>\n<p>            Ce qu&rsquo;il faut savoir<\/p>\n<p>Apr\u00e8s avoir \u00e9t\u00e9 annul\u00e9e en 2024, l&rsquo;\u00e9preuve vend\u00e9enne est de retour ! Ce samedi 11 octobre, la centaine de coureurs s&rsquo;est \u00e9lanc\u00e9 de Saint-Mesmin en Vend\u00e9e et doivent rallier la ligne d&rsquo;arriv\u00e9e, situ\u00e9e pour la premi\u00e8re fois \u00e0 Dompierre-sur-Yon. Au total pr\u00e8s de 200 km pour enfin conna\u00eetre le successeur d&rsquo;Arnaud D\u00e9mare, vainqueur de la pr\u00e9c\u00e9dente \u00e9ditionen 2023.<\/p>\n<p>              Tout lire<\/p>\n","protected":false},"excerpt":{"rendered":"Ce samedi 11 octobre se d\u00e9roule la 52e \u00e9dition du Tour de Vend\u00e9e, derni\u00e8re manche de la Coupe&hellip;\n","protected":false},"author":2,"featured_media":455164,"comment_status":"","ping_status":"","sticky":false,"template":"","format":"standard","meta":{"footnotes":""},"categories":[1411],"tags":[1154,207,1011,27,60],"class_list":{"0":"post-455163","1":"post","2":"type-post","3":"status-publish","4":"format-standard","5":"has-post-thumbnail","7":"category-cyclisme","8":"tag-cycling","9":"tag-cyclisme","10":"tag-fr","11":"tag-france","12":"tag-sports"},"share_on_mastodon":{"url":"https:\/\/pubeurope.com\/@fr\/115355878962750262","error":""},"_links":{"self":[{"href":"https:\/\/www.europesays.com\/fr\/wp-json\/wp\/v2\/posts\/455163","targetHints":{"allow":["GET"]}}],"collection":[{"href":"https:\/\/www.europesays.com\/fr\/wp-json\/wp\/v2\/posts"}],"about":[{"href":"https:\/\/www.europesays.com\/fr\/wp-json\/wp\/v2\/types\/post"}],"author":[{"embeddable":true,"href":"https:\/\/www.europesays.com\/fr\/wp-json\/wp\/v2\/users\/2"}],"replies":[{"embeddable":true,"href":"https:\/\/www.europesays.com\/fr\/wp-json\/wp\/v2\/comments?post=455163"}],"version-history":[{"count":0,"href":"https:\/\/www.europesays.com\/fr\/wp-json\/wp\/v2\/posts\/455163\/revisions"}],"wp:featuredmedia":[{"embeddable":true,"href":"https:\/\/www.europesays.com\/fr\/wp-json\/wp\/v2\/media\/455164"}],"wp:attachment":[{"href":"https:\/\/www.europesays.com\/fr\/wp-json\/wp\/v2\/media?parent=455163"}],"wp:term":[{"taxonomy":"category","embeddable":true,"href":"https:\/\/www.europesays.com\/fr\/wp-json\/wp\/v2\/categories?post=455163"},{"taxonomy":"post_tag","embeddable":true,"href":"https:\/\/www.europesays.com\/fr\/wp-json\/wp\/v2\/tags?post=455163"}],"curies":[{"name":"wp","href":"https:\/\/api.w.org\/{rel}","templated":true}]}}