{"id":455165,"date":"2025-10-11T13:56:11","date_gmt":"2025-10-11T13:56:11","guid":{"rendered":"https:\/\/www.europesays.com\/fr\/455165\/"},"modified":"2025-10-11T13:56:11","modified_gmt":"2025-10-11T13:56:11","slug":"om-foot-feminin-ferreira-impressionne-par-leffet-diacre-sur-les-marseillaises","status":"publish","type":"post","link":"https:\/\/www.europesays.com\/fr\/455165\/","title":{"rendered":"OM, Foot F\u00e9minin &#8211; Ferreira impressionn\u00e9 par l\u2019effet Diacre sur les Marseillaises"},"content":{"rendered":"<p><strong><\/p>\n<p>Antoine Ferreira, directeur sportif de l\u2019OM f\u00e9minines, a \u00e9voqu\u00e9 l\u2019impact de la venue de Corinne Diacre \u00e0 la t\u00eate de l\u2019\u00e9quipe. Le dirigeant voit du changement \u00e0 l\u2019entra\u00eenement.<\/p>\n<p><\/strong><\/p>\n<p><a href=\"https:\/\/www.footmarseille.com\/131514-diacre-la-joue-cash-sur-le-futur-objectif-des-marseillaises\" rel=\"nofollow noopener\" target=\"_blank\">Corinne Diacre<\/a> disputera son premier match sur le banc de l\u2019OM f\u00e9minines \u00e0 l\u2019occasion du d\u00e9placement \u00e0 Rodez (Coupe de la Ligue), ce samedi. Antoine Ferreira, directeur sportif de la section f\u00e9minines, a donn\u00e9 son sentiment sur son arriv\u00e9e.<\/p>\n<p>\u00ab On la sent tr\u00e8s impliqu\u00e9e et contente d\u2019\u00eatre l\u00e0. Elle a <strong>un impact tr\u00e8s positif sur tout le monde,<\/strong> aussi bien le staff que les joueuses ou toutes les personnes qui entourent l\u2019\u00e9quipe<strong>,<\/strong> et elle inspire beaucoup de confiance \u00e9galement \u00bb, a d\u00e9clar\u00e9 le dirigeant dans les colonnes de La Provence.<\/p>\n<p>Ferreira voit notamment une implication diff\u00e9rente lors des s\u00e9ances : \u00ab Des choses ont chang\u00e9<strong>,<\/strong> il y a <strong>beaucoup d\u2019intensit\u00e9 en s\u00e9ance,<\/strong> les filles sont dans un climat de travail totalement diff\u00e9rent. Aujourd\u2019hui<strong>,<\/strong> on sent qu\u2019on passe un cap sur tous les aspects. \u00bb<\/p>\n<p>Pour rappel, l\u2019OM occupe pour l\u2019instant la 9e place du classement de la Premi\u00e8re Ligue (sur 12), avec 9 points de retard sur le leader lyonnais, apr\u00e8s 4 journ\u00e9es.<\/p>\n","protected":false},"excerpt":{"rendered":"Antoine Ferreira, directeur sportif de l\u2019OM f\u00e9minines, a \u00e9voqu\u00e9 l\u2019impact de la venue de Corinne Diacre \u00e0 la&hellip;\n","protected":false},"author":2,"featured_media":455166,"comment_status":"","ping_status":"","sticky":false,"template":"","format":"standard","meta":{"footnotes":""},"categories":[1410],"tags":[63,1011,27,60],"class_list":{"0":"post-455165","1":"post","2":"type-post","3":"status-publish","4":"format-standard","5":"has-post-thumbnail","7":"category-football","8":"tag-football","9":"tag-fr","10":"tag-france","11":"tag-sports"},"share_on_mastodon":{"url":"https:\/\/pubeurope.com\/@fr\/115355882936846828","error":""},"_links":{"self":[{"href":"https:\/\/www.europesays.com\/fr\/wp-json\/wp\/v2\/posts\/455165","targetHints":{"allow":["GET"]}}],"collection":[{"href":"https:\/\/www.europesays.com\/fr\/wp-json\/wp\/v2\/posts"}],"about":[{"href":"https:\/\/www.europesays.com\/fr\/wp-json\/wp\/v2\/types\/post"}],"author":[{"embeddable":true,"href":"https:\/\/www.europesays.com\/fr\/wp-json\/wp\/v2\/users\/2"}],"replies":[{"embeddable":true,"href":"https:\/\/www.europesays.com\/fr\/wp-json\/wp\/v2\/comments?post=455165"}],"version-history":[{"count":0,"href":"https:\/\/www.europesays.com\/fr\/wp-json\/wp\/v2\/posts\/455165\/revisions"}],"wp:featuredmedia":[{"embeddable":true,"href":"https:\/\/www.europesays.com\/fr\/wp-json\/wp\/v2\/media\/455166"}],"wp:attachment":[{"href":"https:\/\/www.europesays.com\/fr\/wp-json\/wp\/v2\/media?parent=455165"}],"wp:term":[{"taxonomy":"category","embeddable":true,"href":"https:\/\/www.europesays.com\/fr\/wp-json\/wp\/v2\/categories?post=455165"},{"taxonomy":"post_tag","embeddable":true,"href":"https:\/\/www.europesays.com\/fr\/wp-json\/wp\/v2\/tags?post=455165"}],"curies":[{"name":"wp","href":"https:\/\/api.w.org\/{rel}","templated":true}]}}