{"id":455167,"date":"2025-10-11T13:57:10","date_gmt":"2025-10-11T13:57:10","guid":{"rendered":"https:\/\/www.europesays.com\/fr\/455167\/"},"modified":"2025-10-11T13:57:10","modified_gmt":"2025-10-11T13:57:10","slug":"orelsan-papa-pour-la-premiere-fois-il-confirme-en-toute-decontraction-2","status":"publish","type":"post","link":"https:\/\/www.europesays.com\/fr\/455167\/","title":{"rendered":"Orelsan papa pour la premi\u00e8re fois ? Il confirme en toute d\u00e9contraction"},"content":{"rendered":"<p class=\"mb-4 text-lg md:leading-8 break-words\">Avant sa nouvelle tourn\u00e9e, qui d\u00e9butera au Z\u00e9nith de Caen en janvier 2026 et se terminera \u00e0 l\u2019Accor Arena en d\u00e9cembre, Orelsan fait la tourn\u00e9e des cin\u00e9s, pour <a data-i13n=\"cpos:1;pos:1\" href=\"https:\/\/www.parismatch.com\/culture\/musique\/film-album-tournee-le-grand-retour-dorelsan-256128\" rel=\"nofollow noopener\" target=\"_blank\" data-ylk=\"slk:pr\u00e9senter \u00ab Yoro\u00ef \u00bb, son deuxi\u00e8me film dix apr\u00e8s \u00ab Comment c\u2019est loin \u00bb (2015);cpos:1;pos:1;elm:context_link;itc:0;sec:content-canvas\" class=\"link \">pr\u00e9senter \u00ab Yoro\u00ef \u00bb, son deuxi\u00e8me film dix apr\u00e8s \u00ab Comment c\u2019est loin \u00bb (2015)<\/a>, qu\u2019il avait co-\u00e9crit et co-r\u00e9alis\u00e9. Cette fois-ci, s\u2019il s\u2019est attel\u00e9 au sc\u00e9nario, Aur\u00e9lien Cotentin, de son vrai nom, a laiss\u00e9 la r\u00e9alisation \u00e0 son ami David Tomaszewski, pour mieux se concentrer sur le jeu.<\/p>\n<p class=\"mb-4 text-lg md:leading-8 break-words\">Orelsan tient le r\u00f4le principal, largement inspir\u00e9 de sa vie : Aur\u00e9lien, un musicien fran\u00e7ais en plein burn-out apr\u00e8s une tourn\u00e9e, s\u2019exile au Japon, dans une maison traditionnelle, avec sa femme Nanako (Clara Sho\u00ef), enceinte de leur premier enfant. Dans un puits, il d\u00e9couvre une armure ancestrale de samoura\u00ef qui va r\u00e9veiller d\u2019\u00e9tranges cr\u00e9atures, les Yoka\u00efs. \u00ab Ce n\u2019est pas ma vie, mais \u00e7a part d\u2019un truc r\u00e9el qui bascule dans le n\u2019importe quoi \u00bb, a expliqu\u00e9 Orelsan, lors de la premi\u00e8re avant-premi\u00e8re, \u00e0 Caen, d\u2019o\u00f9 il est originaire. \u00ab Je dirais que c\u2019est moi dans un monde parall\u00e8le. \u00bb Difficile, donc, de d\u00e9m\u00ealer le vrai du faux.<\/p>\n<p>Orelsan : \u00ab J\u2019ai d\u00e9j\u00e0 un enfant \u00bb<\/p>\n<p class=\"mb-4 text-lg md:leading-8 break-words\">\u00c0 Bordeaux, jeudi 9 octobre, un spectateur a voulu savoir si la grossesse de la femme du personnage principal \u00e9tait une fa\u00e7on d\u2019annoncer qu\u2019il allait lui-m\u00eame devenir papa. Ce \u00e0 quoi Orelsan a r\u00e9pondu, en toute d\u00e9contraction : \u00ab \u00c7a aurait pu\u2026 Sauf que j\u2019ai d\u00e9j\u00e0 un enfant ! \u00bb C\u2019est en toute discr\u00e9tion que le rappeur est devenu papa pour la premi\u00e8re fois, il y a deux ans d\u00e9j\u00e0&amp;&#8230;<\/p>\n<p class=\"mb-4 text-lg md:leading-8 break-words\"><a data-i13n=\"cpos:2;pos:1\" href=\"https:\/\/www.parismatch.com\/People\/orelsan-papa-pour-la-premiere-fois-il-confirme-en-toute-decontraction-258445?at_medium=affiliate&amp;at_campaign=Yahoo\" rel=\"nofollow noopener\" target=\"_blank\" data-ylk=\"slk:Lire la suite sur ParisMatch;cpos:2;pos:1;elm:context_link;itc:0;sec:content-canvas\" class=\"link \">Lire la suite sur ParisMatch<\/a><\/p>\n","protected":false},"excerpt":{"rendered":"Avant sa nouvelle tourn\u00e9e, qui d\u00e9butera au Z\u00e9nith de Caen en janvier 2026 et se terminera \u00e0 l\u2019Accor&hellip;\n","protected":false},"author":2,"featured_media":455168,"comment_status":"","ping_status":"","sticky":false,"template":"","format":"standard","meta":{"footnotes":""},"categories":[1359],"tags":[58046,58,59,1011,27,21953,973,21954],"class_list":{"0":"post-455167","1":"post","2":"type-post","3":"status-publish","4":"format-standard","5":"has-post-thumbnail","7":"category-people","8":"tag-david-tomaszewski","9":"tag-divertissement","10":"tag-entertainment","11":"tag-fr","12":"tag-france","13":"tag-orelsan","14":"tag-people","15":"tag-zenith-de-caen"},"share_on_mastodon":{"url":"https:\/\/pubeurope.com\/@fr\/115355886795593385","error":""},"_links":{"self":[{"href":"https:\/\/www.europesays.com\/fr\/wp-json\/wp\/v2\/posts\/455167","targetHints":{"allow":["GET"]}}],"collection":[{"href":"https:\/\/www.europesays.com\/fr\/wp-json\/wp\/v2\/posts"}],"about":[{"href":"https:\/\/www.europesays.com\/fr\/wp-json\/wp\/v2\/types\/post"}],"author":[{"embeddable":true,"href":"https:\/\/www.europesays.com\/fr\/wp-json\/wp\/v2\/users\/2"}],"replies":[{"embeddable":true,"href":"https:\/\/www.europesays.com\/fr\/wp-json\/wp\/v2\/comments?post=455167"}],"version-history":[{"count":0,"href":"https:\/\/www.europesays.com\/fr\/wp-json\/wp\/v2\/posts\/455167\/revisions"}],"wp:featuredmedia":[{"embeddable":true,"href":"https:\/\/www.europesays.com\/fr\/wp-json\/wp\/v2\/media\/455168"}],"wp:attachment":[{"href":"https:\/\/www.europesays.com\/fr\/wp-json\/wp\/v2\/media?parent=455167"}],"wp:term":[{"taxonomy":"category","embeddable":true,"href":"https:\/\/www.europesays.com\/fr\/wp-json\/wp\/v2\/categories?post=455167"},{"taxonomy":"post_tag","embeddable":true,"href":"https:\/\/www.europesays.com\/fr\/wp-json\/wp\/v2\/tags?post=455167"}],"curies":[{"name":"wp","href":"https:\/\/api.w.org\/{rel}","templated":true}]}}