{"id":455169,"date":"2025-10-11T13:58:11","date_gmt":"2025-10-11T13:58:11","guid":{"rendered":"https:\/\/www.europesays.com\/fr\/455169\/"},"modified":"2025-10-11T13:58:11","modified_gmt":"2025-10-11T13:58:11","slug":"a-hauteur-dinsectes-un-photographe-capture-la-vie-a-lechelle-microscopique-national-geographic","status":"publish","type":"post","link":"https:\/\/www.europesays.com\/fr\/455169\/","title":{"rendered":"\u00c0 hauteur d\u2019insectes : un photographe capture la vie \u00e0 l&rsquo;\u00e9chelle microscopique | National Geographic"},"content":{"rendered":"<p data-paragraph-id=\"5607131-1\">Le royaume des insectes, qui se trouve juste sous nos yeux, est peupl\u00e9 de cr\u00e9atures kal\u00e9idoscopiques arborant des couleurs \u00e9clatantes et des comportements spectaculaires. Mais il est si minuscule qu\u2019il est facile de ne pas y pr\u00eater attention.\u00a0<\/p>\n<p data-paragraph-id=\"5607131-2\">C\u2019est pourquoi le photographe Takuya Ishiguro, il y a plusieurs ann\u00e9es d\u00e9j\u00e0, a modifi\u00e9 son appareil photo, en ajoutant une lentille grossissante entre le capteur et l\u2019objectif principal. De telles modifications sont d\u00e9licates \u00e0 r\u00e9aliser, car un mauvais positionnement de l\u2019un des composants ruinerait la qualit\u00e9 de l\u2019image. Mais une fois son dispositif perfectionn\u00e9, il a pu capturer le quotidien des insectes qui peuplent les lacs et les champs autour de sa maison \u00e0 Osaki, au Japon. Cette nouvelle perspective lui a inspir\u00e9 \u00ab un profond respect pour l\u2019ing\u00e9niosit\u00e9 de la nature \u00bb.<\/p>\n<p data-paragraph-id=\"5607131-3\">Ishiguro a d\u00e9couvert que ces invert\u00e9br\u00e9s faisaient preuve d\u2019un sens remarquable de cr\u00e9ativit\u00e9 lorsqu\u2019ils allaient chercher de la nourriture, s\u2019accouplaient ou creusaient pour construire leur abri. Il en est venu \u00e0 consid\u00e9rer les insectes non plus comme des sp\u00e9cimens, mais comme des \u00ab \u00eatres qui vivent avec nous \u00bb.<\/p>\n","protected":false},"excerpt":{"rendered":"Le royaume des insectes, qui se trouve juste sous nos yeux, est peupl\u00e9 de cr\u00e9atures kal\u00e9idoscopiques arborant des&hellip;\n","protected":false},"author":2,"featured_media":455170,"comment_status":"","ping_status":"","sticky":false,"template":"","format":"standard","meta":{"footnotes":""},"categories":[1358],"tags":[58050,1867,1348,1384,1385,58048,1386,58,59,58051,1011,27,58052,58049,24925,1031,58053,1756,58047],"class_list":{"0":"post-455169","1":"post","2":"type-post","3":"status-publish","4":"format-standard","5":"has-post-thumbnail","7":"category-arts-et-design","8":"tag-abeille","9":"tag-animaux","10":"tag-arts","11":"tag-arts-and-design","12":"tag-arts-et-design","13":"tag-criquet","14":"tag-design","15":"tag-divertissement","16":"tag-entertainment","17":"tag-fourmi","18":"tag-fr","19":"tag-france","20":"tag-guepe","21":"tag-heterocere","22":"tag-insectes","23":"tag-magazine","24":"tag-mante-religieuse","25":"tag-photographie","26":"tag-photographie-de-la-faune"},"share_on_mastodon":{"url":"https:\/\/pubeurope.com\/@fr\/115355890750689161","error":""},"_links":{"self":[{"href":"https:\/\/www.europesays.com\/fr\/wp-json\/wp\/v2\/posts\/455169","targetHints":{"allow":["GET"]}}],"collection":[{"href":"https:\/\/www.europesays.com\/fr\/wp-json\/wp\/v2\/posts"}],"about":[{"href":"https:\/\/www.europesays.com\/fr\/wp-json\/wp\/v2\/types\/post"}],"author":[{"embeddable":true,"href":"https:\/\/www.europesays.com\/fr\/wp-json\/wp\/v2\/users\/2"}],"replies":[{"embeddable":true,"href":"https:\/\/www.europesays.com\/fr\/wp-json\/wp\/v2\/comments?post=455169"}],"version-history":[{"count":0,"href":"https:\/\/www.europesays.com\/fr\/wp-json\/wp\/v2\/posts\/455169\/revisions"}],"wp:featuredmedia":[{"embeddable":true,"href":"https:\/\/www.europesays.com\/fr\/wp-json\/wp\/v2\/media\/455170"}],"wp:attachment":[{"href":"https:\/\/www.europesays.com\/fr\/wp-json\/wp\/v2\/media?parent=455169"}],"wp:term":[{"taxonomy":"category","embeddable":true,"href":"https:\/\/www.europesays.com\/fr\/wp-json\/wp\/v2\/categories?post=455169"},{"taxonomy":"post_tag","embeddable":true,"href":"https:\/\/www.europesays.com\/fr\/wp-json\/wp\/v2\/tags?post=455169"}],"curies":[{"name":"wp","href":"https:\/\/api.w.org\/{rel}","templated":true}]}}