{"id":455171,"date":"2025-10-11T13:59:16","date_gmt":"2025-10-11T13:59:16","guid":{"rendered":"https:\/\/www.europesays.com\/fr\/455171\/"},"modified":"2025-10-11T13:59:16","modified_gmt":"2025-10-11T13:59:16","slug":"nos-trois-livres-de-la-semaine","status":"publish","type":"post","link":"https:\/\/www.europesays.com\/fr\/455171\/","title":{"rendered":"Nos trois livres de la semaine"},"content":{"rendered":"<p class=\"ap-StoryElement ap-StoryElement--mb ap-StoryText\">Chaque mercredi, nos critiques litt\u00e9raires sont publi\u00e9es dans le suppl\u00e9ment \u00ab\u00a0Arts Libre\u00a0\u00bb. Chaque samedi sur le web, nous vous s\u00e9lectionnons trois \u00ab\u00a0coups de c\u0153ur\u00a0\u00bb parmi nos recensions.<\/p>\n<p class=\"text-left ap-StoryElement ap-StoryElement--mb ap-StoryText\">Cette semaine, nous vous proposons un premier roman d&rsquo;une \u00e9criture tendue, une enqu\u00eate sur Herv\u00e9 Bazin et \u00ab\u00a0Vip\u00e8re au poing\u00a0\u00bb et le nouveau roman de Jonathan Coe.<\/p>\n<p>S\u00e9phora Pondi (\u00ab\u00a0Avale\u00a0\u00bb)<\/p>\n<p class=\"text-left ap-StoryElement ap-StoryElement--mb ap-StoryText\">\u00c0 trente-trois ans, S\u00e9phora Pondi \u2013 pensionnaire de la Com\u00e9die-Fran\u00e7aise depuis quatre ans \u2013 fait une entr\u00e9e remarqu\u00e9e sur la sc\u00e8ne litt\u00e9raire avec Avale, livre \u00e9tonnant qui dessine deux lignes de vie. Celle de Lame Kan\u00e9, jeune actrice noire en pleine ascension et celle de Tom Marais, gar\u00e7on toxique, solitaire obs\u00e9d\u00e9 \u00e0 la limite du \u00ab\u00a0incel\u00a0\u00bb. Un texte tendu qui fr\u00f4le le thriller et joue sur l&rsquo;in\u00e9vitable rencontre de l&rsquo;h\u00e9ro\u00efne et de l&rsquo;ogre pour mieux raconter le malaise de l&rsquo;\u00e9poque. (<b>S.M.<\/b>)<\/p>\n<p>Pour acc\u00e9der \u00e0 cet article, veuillez vous connecter au r\u00e9seau internet.<\/p>\n","protected":false},"excerpt":{"rendered":"Chaque mercredi, nos critiques litt\u00e9raires sont publi\u00e9es dans le suppl\u00e9ment \u00ab\u00a0Arts Libre\u00a0\u00bb. Chaque samedi sur le web, nous&hellip;\n","protected":false},"author":2,"featured_media":455172,"comment_status":"","ping_status":"","sticky":false,"template":"","format":"standard","meta":{"footnotes":""},"categories":[1357],"tags":[3355,47982,1379,51985,58,59,1011,27,1351,2003,1380],"class_list":{"0":"post-455171","1":"post","2":"type-post","3":"status-publish","4":"format-standard","5":"has-post-thumbnail","7":"category-livres","8":"tag-auteur","9":"tag-auteure","10":"tag-books","11":"tag-caroline-lamarche","12":"tag-divertissement","13":"tag-entertainment","14":"tag-fr","15":"tag-france","16":"tag-litterature","17":"tag-livre","18":"tag-livres"},"share_on_mastodon":{"url":"https:\/\/pubeurope.com\/@fr\/115355894739988154","error":""},"_links":{"self":[{"href":"https:\/\/www.europesays.com\/fr\/wp-json\/wp\/v2\/posts\/455171","targetHints":{"allow":["GET"]}}],"collection":[{"href":"https:\/\/www.europesays.com\/fr\/wp-json\/wp\/v2\/posts"}],"about":[{"href":"https:\/\/www.europesays.com\/fr\/wp-json\/wp\/v2\/types\/post"}],"author":[{"embeddable":true,"href":"https:\/\/www.europesays.com\/fr\/wp-json\/wp\/v2\/users\/2"}],"replies":[{"embeddable":true,"href":"https:\/\/www.europesays.com\/fr\/wp-json\/wp\/v2\/comments?post=455171"}],"version-history":[{"count":0,"href":"https:\/\/www.europesays.com\/fr\/wp-json\/wp\/v2\/posts\/455171\/revisions"}],"wp:featuredmedia":[{"embeddable":true,"href":"https:\/\/www.europesays.com\/fr\/wp-json\/wp\/v2\/media\/455172"}],"wp:attachment":[{"href":"https:\/\/www.europesays.com\/fr\/wp-json\/wp\/v2\/media?parent=455171"}],"wp:term":[{"taxonomy":"category","embeddable":true,"href":"https:\/\/www.europesays.com\/fr\/wp-json\/wp\/v2\/categories?post=455171"},{"taxonomy":"post_tag","embeddable":true,"href":"https:\/\/www.europesays.com\/fr\/wp-json\/wp\/v2\/tags?post=455171"}],"curies":[{"name":"wp","href":"https:\/\/api.w.org\/{rel}","templated":true}]}}