{"id":455173,"date":"2025-10-11T14:00:10","date_gmt":"2025-10-11T14:00:10","guid":{"rendered":"https:\/\/www.europesays.com\/fr\/455173\/"},"modified":"2025-10-11T14:00:10","modified_gmt":"2025-10-11T14:00:10","slug":"un-gerant-absent-un-employe-qui-fuit-philippe-etchebest-explose-et-interrompt-un-tournage-de-cauchemar-en-cuisine-a-sete-midi-libre","status":"publish","type":"post","link":"https:\/\/www.europesays.com\/fr\/455173\/","title":{"rendered":"Un g\u00e9rant absent, un employ\u00e9 qui fuit\u2026 Philippe Etchebest explose et interrompt un tournage de &quot;Cauchemar en cuisine&quot; \u00e0 S\u00e8te &#8211; Midi Libre"},"content":{"rendered":"<ol>\n<li><a href=\"https:\/\/news.google.com\/rss\/articles\/CBMi-gFBVV95cUxNNm0xb0pDVkRSX1hpZ0prb2NWWkpTTnVVaE9UcXNGQjU0R0pEcVAybVRFNnQxNzhmZDlxQjg5MG0tNktSSlNsT3RZZHlwQU1vTmt3MWtXWkNUM1dWUmc2QS1BYkx0bVFLR29HcTRHcG91QlE3elFnTEdWUHRoNEFXdHlZRjE1bVV5VnltUTNXdzNoRHNSNmdZNGExRUt5VHFiVF8xdWVMNC1FUHlreXVTZ3JTWkExd2QxUTJQeGlyaDBpMUxpUEx4NTZGOTJoVFhHOFc1dHl4RTBSWnhzLVpHbm1OYkNral83X3JvVmw0RHRnQzJ6WlBlQWt3?oc=5\" target=\"_blank\" rel=\"nofollow noopener\">Un g\u00e9rant absent, un employ\u00e9 qui fuit\u2026 Philippe Etchebest explose et interrompt un tournage de \u00ab\u00a0Cauchemar en cuisine\u00a0\u00bb \u00e0 S\u00e8te<\/a>&nbsp;&nbsp;Midi Libre<\/li>\n<li><a href=\"https:\/\/news.google.com\/rss\/articles\/CBMi9AFBVV95cUxNd1I3NER4Y1lzLWsxS244Y1NyZWhUZTcxTExHY1ZKclhHOUkyVjRjeDBRVTVDdkpwRmJHWVBxaFdsQmRGSlVSUm1hOTZ0RjNGR2c2aWI2dThuOVllenRXZTBxOENoZEJRX1NJaWtMZ3FUajQ3S3E1V2pvcVlrdi1KeG1WWVFCU0puTFR1QUVqTmpyejIzeTZERGJ1bVB5T2dSdU15anJ6aUpKUFhkck9oMHBxelFXbHlPQXQwOElTU3E1TEtNRWsyQl9wdUZ4Ty1LVDdQbUdDT2VCM2lOTmlPUE13eXF3VWV3WFlxMmhJLWh5YnB4?oc=5\" target=\"_blank\" rel=\"nofollow noopener\">\u00abAccueilli comme un chien !\u00bb : un restaurateur s\u2019enfuit en voyant Philippe Etchebest dans \u00abCauchemar en cuisine\u00bb<\/a>&nbsp;&nbsp;TV Magazine<\/li>\n<li><a href=\"https:\/\/news.google.com\/rss\/articles\/CBMizAFBVV95cUxQV1M0NFZla0JZU0lFeGg1cXU5NndtSXhiYk1mem44TFB3b1VvQnZMOFA0REdBQXFIeHBqbXVjYlFIaXlDdzNOOGV3YXAydDlybDlzMHJYdWxXa1E0WGp0UlgtNFhQaVBrR0lWRzhOTDNFRlJxSDJCYlRNOG5tMlU1MDF2X3lJbHRGWTFULTh2REM2a3YtR1c1Rjl4d2tnVk9sLXZUdmJ2WXRCaUZjemo3dks1cnNLdTRySjdQaFZveUhVYTF1ZFAtSE12RGs?oc=5\" target=\"_blank\" rel=\"nofollow noopener\">\u00ab Je suis accueilli comme un chien \u00bb : du jamais-vu dans \u00ab Cauchemar en cuisine \u00bb, Philippe Etchebest contraint d\u2019arr\u00eater le tournage (vid\u00e9o)<\/a>&nbsp;&nbsp;Sudinfo<\/li>\n<li><a href=\"https:\/\/news.google.com\/rss\/articles\/CBMi5AFBVV95cUxPalJHdVpYbGJ6SnFCQjh4VWtXY0FybVJwLXppQVEwYkY2M09lSEkxNXpzTXd5RVFlZGctTTFWSURRR2hlTmR3QnRwbXpGQnllcXNzRERpMWZKNlNjLWFOcy1SY2NlcmxjaGJiVXN2VWVabXZPaU90VUlxMW9yd1kwaThpMWJuN3B0SXMzbEcwVHJyVnJKVG5GV08wSXo2UVNmQzRXcjlqbkhEbFdXOF9qeEZCOFExZFpsT1I5NHdJWGhDRjZiYmQ0aHlSSHZSNzd6djd6VjJzdHROQk5nTEt6OEt1Vkk?oc=5\" target=\"_blank\" rel=\"nofollow noopener\">Etchebest contraint \u00e0 prendre une d\u00e9cision in\u00e9dite dans \u00ab Cauchemar en cuisine \u00bb<\/a>&nbsp;&nbsp;Le HuffPost<\/li>\n<li><a href=\"https:\/\/news.google.com\/rss\/articles\/CBMi3gFBVV95cUxPZFdwZ1AxVnRUUjUyLUZuUldYdzhRbHNuTlMweVdTdzZRdHBCSUxGS3hNYVJFNFo5Y0JqeDUzcjhkcDgwTG5Wb25ndk1LWTJSTkZlY3NGcmtIcjhCcVY4UEhPbHpfZGtzTHdyM1hNRjZuSUdsaVFLdEVRZWJGU2dQM0E0d3ZjLVBuRnhQQzUweTVwSndYRFd4YWZOSzhwT2Y3MTFoTlBDaHV5blRpMkZ4bW80ZUU1ekVsSjItSDFKV0FPLUpNWlZoeDJEdWU4VWh2b2JQMjdvVUFCWVhnYXc?oc=5\" target=\"_blank\" rel=\"nofollow noopener\">C&rsquo;est vendu ! Apr\u00e8s Cauchemar en cuisine, ce restaurant c\u00e9d\u00e9 pour 1,6 million d&rsquo;euros aux nouveaux patrons<\/a>&nbsp;&nbsp;Purepeople<\/li>\n<\/ol>\n","protected":false},"excerpt":{"rendered":"Un g\u00e9rant absent, un employ\u00e9 qui fuit\u2026 Philippe Etchebest explose et interrompt un tournage de \u00ab\u00a0Cauchemar en cuisine\u00a0\u00bb&hellip;\n","protected":false},"author":2,"featured_media":395849,"comment_status":"","ping_status":"","sticky":false,"template":"","format":"standard","meta":{"footnotes":""},"categories":[1356],"tags":[58,59,1011,27,252,1364],"class_list":{"0":"post-455173","1":"post","2":"type-post","3":"status-publish","4":"format-standard","5":"has-post-thumbnail","7":"category-television","8":"tag-divertissement","9":"tag-entertainment","10":"tag-fr","11":"tag-france","12":"tag-television","13":"tag-tv"},"share_on_mastodon":{"url":"https:\/\/pubeurope.com\/@fr\/115355898712152469","error":""},"_links":{"self":[{"href":"https:\/\/www.europesays.com\/fr\/wp-json\/wp\/v2\/posts\/455173","targetHints":{"allow":["GET"]}}],"collection":[{"href":"https:\/\/www.europesays.com\/fr\/wp-json\/wp\/v2\/posts"}],"about":[{"href":"https:\/\/www.europesays.com\/fr\/wp-json\/wp\/v2\/types\/post"}],"author":[{"embeddable":true,"href":"https:\/\/www.europesays.com\/fr\/wp-json\/wp\/v2\/users\/2"}],"replies":[{"embeddable":true,"href":"https:\/\/www.europesays.com\/fr\/wp-json\/wp\/v2\/comments?post=455173"}],"version-history":[{"count":0,"href":"https:\/\/www.europesays.com\/fr\/wp-json\/wp\/v2\/posts\/455173\/revisions"}],"wp:featuredmedia":[{"embeddable":true,"href":"https:\/\/www.europesays.com\/fr\/wp-json\/wp\/v2\/media\/395849"}],"wp:attachment":[{"href":"https:\/\/www.europesays.com\/fr\/wp-json\/wp\/v2\/media?parent=455173"}],"wp:term":[{"taxonomy":"category","embeddable":true,"href":"https:\/\/www.europesays.com\/fr\/wp-json\/wp\/v2\/categories?post=455173"},{"taxonomy":"post_tag","embeddable":true,"href":"https:\/\/www.europesays.com\/fr\/wp-json\/wp\/v2\/tags?post=455173"}],"curies":[{"name":"wp","href":"https:\/\/api.w.org\/{rel}","templated":true}]}}