{"id":455181,"date":"2025-10-11T14:05:10","date_gmt":"2025-10-11T14:05:10","guid":{"rendered":"https:\/\/www.europesays.com\/fr\/455181\/"},"modified":"2025-10-11T14:05:10","modified_gmt":"2025-10-11T14:05:10","slug":"elle-saute-du-3e-etage-pour-echapper-a-ses-assaillants","status":"publish","type":"post","link":"https:\/\/www.europesays.com\/fr\/455181\/","title":{"rendered":"Elle saute du 3e \u00e9tage pour \u00e9chapper \u00e0 ses assaillants"},"content":{"rendered":"<p>&#13;<br \/>\n\t\t\t&#13;<br \/>\n\t\t\t\t&#13;<\/p>\n<ol class=\"w-full flex justify-start items-start mb-2 p-0 tdn-breadcrumb list-none text-base\" itemscope=\"\" itemtype=\"https:\/\/schema.org\/BreadcrumbList\">&#13;<br \/>\n&#13;<\/p>\n<li itemprop=\"itemListElement\" itemscope=\"\" itemtype=\"https:\/\/schema.org\/ListItem\" class=\"mr-1 flex items-center\">&#13;<br \/>\n\t\t<a itemprop=\"item\" class=\"text-gray-500 flex items-center\" href=\"https:\/\/www.letribunaldunet.fr\" target=\"_blank\" rel=\"noopener\">&#13;<br \/>\n\t\t\t<img loading=\"lazy\" decoding=\"async\" src=\"https:\/\/www.letribunaldunet.fr\/wp-content\/themes\/letribunaldunet-v2\/img\/icon-home-grey.svg\" alt=\"\" width=\"24\" height=\"24\"\/>&#13;<br \/>\n\t\t\tTDN &gt;&#13;<br \/>\n\t\t<\/a>&#13;<br \/>\n\t\t&#13;\n\t<\/li>\n<p>&#13;<br \/>\n&#13;<\/p>\n<li itemprop=\"itemListElement\" itemscope=\"\" itemtype=\"https:\/\/schema.org\/ListItem\" class=\"mr-1 flex items-center\">&#13;<br \/>\n\t\t\t\t\t<a itemprop=\"item\" class=\"text-gray-500 flex items-center\" href=\"https:\/\/www.letribunaldunet.fr\/faits-divers\" target=\"_blank\" rel=\"noopener\">&#13;<br \/>\n\t\t\t\t\t\tFaits divers&#13;<br \/>\n\t\t\t\t\t<\/a>&#13;<br \/>\n\t\t\t\t\t&#13;\n\t\t\t\t<\/li>\n<p>&#13;<br \/>\n\t\t\t&#13;<br \/>\n\t&#13;\n<\/ol>\n<p>&#13;<br \/>\n\t\t\t\t&#13;<br \/>\n&#13;<br \/>\n\t\t\t\t\t\t\t\t&#13;<\/p>\n<p>\t\t\t\t\t\tPubli\u00e9 par<br \/>\n\t\t\t\t\t\t<a href=\"https:\/\/www.letribunaldunet.fr\/author\/elodie-gd\" target=\"_blank\" rel=\"noopener\">&#13;<br \/>\n\t\t\t\t\t\t\t<b class=\"text-blue\">&#13;<br \/>\n\t\t\t\t\t\t\t\tElodie GD\t\t\t\t\t\t\t<\/b>&#13;<br \/>\n\t\t\t\t\t\t<\/a><br \/>\n\t\t\t\t\t\t<b>le 11 Oct 2025 \u00e0 9:00<\/b><br \/>\n\t\t\t\t\t&#13;<br \/>\n&#13;<br \/>\n\t\t\t\t\t&#13;<br \/>\n&#13;<br \/>\n&#13;<br \/>\n&#13;<br \/>\n\t\t\t\t&#13;<\/p>\n<p>Le d\u00e9c\u00e8s tragique de <a href=\"https:\/\/www.letribunaldunet.fr\/faits-divers\/une-journaliste-cnews-sauvagement-agressee-dans-le-tramway-son-compagnon-poignarde-a-plusieurs-reprises.html\" target=\"_blank\" rel=\"noreferrer noopener\">la journaliste<\/a> <strong>Somtochukwu Christelle Maduagwu<\/strong> terrifie autant qu\u2019il r\u00e9volte les habitants d\u2019Abuja (capitale du Nig\u00e9ria).<\/p>\n<p>La suite apr\u00e8s cette publicit\u00e9<\/p>\n<p>Une journaliste partie trop t\u00f4t <\/p>\n<p>La vid\u00e9o du jour \u00e0 ne pas manquer<\/p>\n<p>Ils verront plus son visage et n\u2019entendront plus sa voix. Somtochukwu Christelle Maduagwu dite Sommie avait pourtant la vie devant elle. Du haut de ses 30 ans, la vie lui souriait, tandis qu\u2019elle menait de front une carri\u00e8re prometteuse et une vie personnelle riche. Admir\u00e9e pour sa rigueur journalistique et sa t\u00e9m\u00e9rit\u00e9 face aux sujets sensibles, la jeune nig\u00e9riane \u00e9tait une personnalit\u00e9 influente du monde m\u00e9diatique. <\/p>\n<p>\u00ab\u00a0Sommie \u00e9tait plus qu\u2019une pr\u00e9sentatrice : elle \u00e9tait une voix, une \u00e2me, une pr\u00e9sence chaleureuse dans notre r\u00e9daction\u00a0\u00bb, se souvient le m\u00e9dia Arise News Channel. M\u00eame topo du c\u00f4t\u00e9 de ses proches, qui se rappellent \u00ab\u00a0une amie toujours pr\u00e9sente\u00a0\u00bb. \u00ab\u00a0La voix de Sommie s\u2019est d\u00e9sormais tue, mais son esprit, sa passion et son h\u00e9ritage perdureront dans notre m\u00e9moire collective\u00a0\u00bb, conclut la cha\u00eene. <\/p>\n<p>La suite apr\u00e8s cette publicit\u00e9<\/p>\n<p><img fetchpriority=\"high\" decoding=\"async\" width=\"762\" height=\"508\" src=\"https:\/\/www.europesays.com\/fr\/wp-content\/uploads\/2025\/10\/somtochukwu-christelle-maduagwu-762x508.jpeg\" alt=\"\"  \/><\/p>\n<p>Dans la fleur de l\u2019\u00e2ge et sans probl\u00e8me de sant\u00e9 majeur, <strong>Sommie a succomb\u00e9 <a href=\"https:\/\/www.letribunaldunet.fr\/faits-divers\" target=\"_blank\" rel=\"noreferrer noopener\">dans de terribles circonstances<\/a><\/strong>. <\/p>\n<p>Elle tentait d\u2019\u00e9chapper \u00e0 une attaque arm\u00e9e<\/p>\n<p>La suite apr\u00e8s cette publicit\u00e9<\/p>\n<p>Les m\u00e9dias locaux font le r\u00e9cit d\u2019un drame qui survient aux premi\u00e8res heures du 29 septembre, \u00e0 Abuja (Nig\u00e9ria). La journaliste se trouve \u00e0 son domicile quand des hommes arm\u00e9s et malintentionn\u00e9s s\u2019y introduisent par effraction. Prise de panique, Somtochukwu Christelle Maduagwu cherche \u00e0 s\u2019enfuir co\u00fbte que co\u00fbte, alors elle saute, sans r\u00e9fl\u00e9chir, du troisi\u00e8me \u00e9tage de son immeuble\u2026 priant pour ne pas y laisser sa peau. <\/p>\n<p>Un geste d\u00e9sesp\u00e9r\u00e9 \u00e0 l\u2019issue duquel elle sera retrouv\u00e9e inconsciente au pied du b\u00e2timent. Transport\u00e9e en urgence \u00e0 l\u2019h\u00f4pital, <strong><a href=\"https:\/\/www.letribunaldunet.fr\/people\/deces-journaliste-clementine-vergnaud-gregoire-lecalot-temoigne.html\" target=\"_blank\" rel=\"noreferrer noopener\">la jeune femme succombera<\/a> dans les heures qui suivent<\/strong>. <\/p>\n<p>Son d\u00e9c\u00e8s a entra\u00een\u00e9 la mobilisation imm\u00e9diate des forces de l\u2019ordre pour retrouver les coupables. Dans un communiqu\u00e9, le commissaire Ajao S. Adewale, du Territoire de la capitale f\u00e9d\u00e9rale, condamne <strong>\u00ab\u00a0un acte cruel et insens\u00e9, qui n\u2019a pas sa place dans une soci\u00e9t\u00e9 saine\u00a0\u00bb<\/strong>. <\/p>\n<p>La suite apr\u00e8s cette publicit\u00e9<\/p>\n<p>Les hommages se multiplient sur les r\u00e9seaux sociaux depuis l\u2019annonce de sa disparition, donnant naissance au hashtag <strong>#RIPSommie<\/strong>. <\/p>\n<blockquote class=\"instagram-media\" data-instgrm-captioned=\"\" data-instgrm-permalink=\"https:\/\/www.instagram.com\/reel\/DPUqa-xCd6y\/?utm_source=ig_embed&amp;utm_campaign=loading\" data-instgrm-version=\"14\" style=\" background:#FFF; border:0; border-radius:3px; box-shadow:0 0 1px 0 rgba(0,0,0,0.5),0 1px 10px 0 rgba(0,0,0,0.15); margin: 1px; max-width:540px; min-width:326px; padding:0; width:99.375%; width:-webkit-calc(100% - 2px); width:calc(100% - 2px);\">\n<\/blockquote>\n<p>&#13;<br \/>\n\t\t\t\t&#13;<br \/>\n\t\t\t\t\t\t\t&#13;<br \/>\n\t\t\t\t\t\t\t\t<script async src=\"\/\/www.instagram.com\/embed.js\"><\/script><\/p>\n","protected":false},"excerpt":{"rendered":"&#13; &#13; &#13; &#13; &#13; &#13; &#13; &#13; TDN &gt;&#13; &#13; &#13; &#13; &#13; &#13; &#13; Faits divers&#13;&hellip;\n","protected":false},"author":2,"featured_media":455182,"comment_status":"","ping_status":"","sticky":false,"template":"","format":"standard","meta":{"footnotes":""},"categories":[8],"tags":[58,59,1011,27],"class_list":{"0":"post-455181","1":"post","2":"type-post","3":"status-publish","4":"format-standard","5":"has-post-thumbnail","7":"category-divertissement","8":"tag-divertissement","9":"tag-entertainment","10":"tag-fr","11":"tag-france"},"share_on_mastodon":{"url":"https:\/\/pubeurope.com\/@fr\/115355918966906727","error":""},"_links":{"self":[{"href":"https:\/\/www.europesays.com\/fr\/wp-json\/wp\/v2\/posts\/455181","targetHints":{"allow":["GET"]}}],"collection":[{"href":"https:\/\/www.europesays.com\/fr\/wp-json\/wp\/v2\/posts"}],"about":[{"href":"https:\/\/www.europesays.com\/fr\/wp-json\/wp\/v2\/types\/post"}],"author":[{"embeddable":true,"href":"https:\/\/www.europesays.com\/fr\/wp-json\/wp\/v2\/users\/2"}],"replies":[{"embeddable":true,"href":"https:\/\/www.europesays.com\/fr\/wp-json\/wp\/v2\/comments?post=455181"}],"version-history":[{"count":0,"href":"https:\/\/www.europesays.com\/fr\/wp-json\/wp\/v2\/posts\/455181\/revisions"}],"wp:featuredmedia":[{"embeddable":true,"href":"https:\/\/www.europesays.com\/fr\/wp-json\/wp\/v2\/media\/455182"}],"wp:attachment":[{"href":"https:\/\/www.europesays.com\/fr\/wp-json\/wp\/v2\/media?parent=455181"}],"wp:term":[{"taxonomy":"category","embeddable":true,"href":"https:\/\/www.europesays.com\/fr\/wp-json\/wp\/v2\/categories?post=455181"},{"taxonomy":"post_tag","embeddable":true,"href":"https:\/\/www.europesays.com\/fr\/wp-json\/wp\/v2\/tags?post=455181"}],"curies":[{"name":"wp","href":"https:\/\/api.w.org\/{rel}","templated":true}]}}