{"id":455185,"date":"2025-10-11T14:07:16","date_gmt":"2025-10-11T14:07:16","guid":{"rendered":"https:\/\/www.europesays.com\/fr\/455185\/"},"modified":"2025-10-11T14:07:16","modified_gmt":"2025-10-11T14:07:16","slug":"shein-aux-galeries-lafayette-et-au-bhv-cest-le-loup-qui-entre-dans-la-bergerie","status":"publish","type":"post","link":"https:\/\/www.europesays.com\/fr\/455185\/","title":{"rendered":"\u00abShein aux Galeries Lafayette et au BHV, c\u2019est le loup qui entre dans la bergerie\u00bb"},"content":{"rendered":"<p>\n    <strong>ENTRETIEN &#8211;<\/strong> La fast fashion part \u00e0 l\u2019abordage des centres-villes, avec le tr\u00e8s controvers\u00e9 Shein d\u00e9sormais en vente au BHV et dans plusieurs Galeries Lafayette de France. Pour le patron breton J\u00e9r\u00f4me Permingeat, c\u2019est une menace contre le savoir-faire fran\u00e7ais.<\/p>\n<p class=\"fig-paragraph\"><a href=\"https:\/\/video.lefigaro.fr\/figaro\/jerome-perningeat-le-minor-la-vie-dun-pull-made-in-france-dure-40-ans-20210212\" data-fig-type=\"Video\" data-gtm-custom-categorie=\"navigation\" data-gtm-custom-action=\"crossclick\" data-gtm-custom-label=\"Contextuel\" data-gtm-event=\"customEventSPE\" data-fig-domain=\"LEFIGARO\" target=\"_blank\" rel=\"noopener\">J\u00e9r\u00f4me Permingeat<\/a>\u00a0est directeur g\u00e9n\u00e9ral de Le Minor et pr\u00e9sident du Medef dans le Morbihan. Il a repris en 2018, avec Sylvain Flet, cette bonneterie cr\u00e9\u00e9e en 1922 et install\u00e9e \u00e0 Guidel. L\u2019entreprise emploie, aujourd\u2019hui, 68 salari\u00e9s en France pour un chiffre d\u2019affaires de pr\u00e8s de 4 millions d\u2019euros. Et r\u00e9alise 40% de ses ventes dans l\u2019Hexagone.\u00a0Pour lui l\u2019ouverture de boutiques Shein aux Galeries Lafayette et au BHV est une \u00abtrahison politique\u00bb.<\/p>\n<p><strong>LE FIGARO. \u2013 Le g\u00e9ant du pr\u00eat-\u00e0-porter chinois\u00a0<\/strong><a href=\"http:\/\/www.lefigaro.fr\/societes\/face-a-shein-nous-restons-nous-memes-comment-kiabi-resiste-a-la-deferlante-de-l-ultra-fast-fashion-20251006\" data-fig-type=\"Article\" data-gtm-custom-categorie=\"navigation\" data-gtm-custom-action=\"crossclick\" data-gtm-custom-label=\"Contextuel\" data-gtm-event=\"customEventSPE\" data-fig-domain=\"LEFIGARO\" target=\"_blank\" rel=\"noopener\"><strong>Shein<\/strong><\/a> <strong>, embl\u00e8me de la <\/strong><strong>fast fashion<\/strong> <strong>, a nou\u00e9 un accord pour implanter des boutiques dans les Galeries Lafayette de cinq villes en r\u00e9gion et au BHV \u00e0 Paris. L\u2019annonce fait l\u2019unanimit\u00e9 contre elle. Que vous inspire cette nouvelle\u00a0?<\/strong>\u00a0<\/p>\n<p class=\"fig-paragraph\"><strong>J\u00c9R\u00d4ME PERMINGEAT. &#8211;<\/strong> Tout d\u2019abord, il y a beaucoup de tristesse et un sentiment de trahison de la part de ces retailers comme les Galeries Lafayette qui ont port\u00e9 un discours, pendant de longues ann\u00e9es, de soutien de la fabrication traditionnelle et qui, aujourd\u2019hui, int\u00e8grent\u2026<\/p>\n<p class=\"fig-premium-paywall__infos\">\n        Cet article est r\u00e9serv\u00e9 aux abonn\u00e9s.        Il vous reste 87% \u00e0 d\u00e9couvrir.\n    <\/p>\n<p>                <img  data- alt=\"Le Figaro\" class=\"fig-img--complete fig-img\"\/><\/p>\n<p class=\"fig-premium-paywall__title\">J-100, Le Figaro f\u00eate ses 200 ans<\/p>\n<p class=\"fig-premium-paywall__subtitle\">Offre anniversaire : 2\u20ac\/mois pendant 200 semaines<\/p>\n<p class=\"fig-premium-paywall__connect\">\n                D\u00e9j\u00e0 abonn\u00e9\u00a0?                <a class=\"fig-premium-paywall__connect-link\" href=\"https:\/\/connect.lefigaro.fr\/login?client=horizon_web&amp;type=main&amp;redirect_uri=https%3A%2F%2Fwww.lefigaro.fr%2Fsocietes%2Fjerome-permingeat-shein-aux-galeries-lafayette-et-au-bhv-c-est-le-loup-qui-entre-dans-la-bergerie-20251011\" data-js-gtm=\"{&quot;customCategorie&quot;: &quot;conversion&quot;, &quot;customAction&quot;: &quot;before_Landing_Connexion_paywall_auto&quot;, &quot;customLabel&quot;: &quot;bGVmaWdhcm8uZnJfXzFmMGE0MmMyLWYzMjMtNjBjZS1hY2ZlLWMxNzFjMjkzNDM0Zl9fQXJ0aWNsZQ==_J\u00e9r\u00f4me Permingeat\u00a0: \u00abShein aux Galeries Lafayette et au BHV, c\u2019est le loup qui entre dans la bergerie\u00bb_270&quot;, &quot;customIDSPE&quot;: &quot;bGVmaWdhcm8uZnJfXzFmMGE0MmMyLWYzMjMtNjBjZS1hY2ZlLWMxNzFjMjkzNDM0Zl9fQXJ0aWNsZQ==&quot;, &quot;event&quot;: &quot;customEventSPE&quot;}\" target=\"_blank\" rel=\"noopener\"><br \/>\n                    Connectez-vous<br \/>\n                <\/a>\n            <\/p>\n","protected":false},"excerpt":{"rendered":"ENTRETIEN &#8211; La fast fashion part \u00e0 l\u2019abordage des centres-villes, avec le tr\u00e8s controvers\u00e9 Shein d\u00e9sormais en vente&hellip;\n","protected":false},"author":2,"featured_media":455186,"comment_status":"","ping_status":"","sticky":false,"template":"","format":"standard","meta":{"footnotes":""},"categories":[6],"tags":[35,309,33,34,1011,27,693,14883,1104],"class_list":{"0":"post-455185","1":"post","2":"type-post","3":"status-publish","4":"format-standard","5":"has-post-thumbnail","7":"category-economie","8":"tag-business","9":"tag-chine","10":"tag-economie","11":"tag-economy","12":"tag-fr","13":"tag-france","14":"tag-industrie","15":"tag-made-in-france","16":"tag-shein"},"share_on_mastodon":{"url":"https:\/\/pubeurope.com\/@fr\/115355926283512308","error":""},"_links":{"self":[{"href":"https:\/\/www.europesays.com\/fr\/wp-json\/wp\/v2\/posts\/455185","targetHints":{"allow":["GET"]}}],"collection":[{"href":"https:\/\/www.europesays.com\/fr\/wp-json\/wp\/v2\/posts"}],"about":[{"href":"https:\/\/www.europesays.com\/fr\/wp-json\/wp\/v2\/types\/post"}],"author":[{"embeddable":true,"href":"https:\/\/www.europesays.com\/fr\/wp-json\/wp\/v2\/users\/2"}],"replies":[{"embeddable":true,"href":"https:\/\/www.europesays.com\/fr\/wp-json\/wp\/v2\/comments?post=455185"}],"version-history":[{"count":0,"href":"https:\/\/www.europesays.com\/fr\/wp-json\/wp\/v2\/posts\/455185\/revisions"}],"wp:featuredmedia":[{"embeddable":true,"href":"https:\/\/www.europesays.com\/fr\/wp-json\/wp\/v2\/media\/455186"}],"wp:attachment":[{"href":"https:\/\/www.europesays.com\/fr\/wp-json\/wp\/v2\/media?parent=455185"}],"wp:term":[{"taxonomy":"category","embeddable":true,"href":"https:\/\/www.europesays.com\/fr\/wp-json\/wp\/v2\/categories?post=455185"},{"taxonomy":"post_tag","embeddable":true,"href":"https:\/\/www.europesays.com\/fr\/wp-json\/wp\/v2\/tags?post=455185"}],"curies":[{"name":"wp","href":"https:\/\/api.w.org\/{rel}","templated":true}]}}