{"id":455187,"date":"2025-10-11T14:08:11","date_gmt":"2025-10-11T14:08:11","guid":{"rendered":"https:\/\/www.europesays.com\/fr\/455187\/"},"modified":"2025-10-11T14:08:11","modified_gmt":"2025-10-11T14:08:11","slug":"donald-trump-narrete-pas-de-denigrer-la-science-mais-il-la-suit-quand-il-sagit-de-sa-sante","status":"publish","type":"post","link":"https:\/\/www.europesays.com\/fr\/455187\/","title":{"rendered":"Donald Trump n\u2019arr\u00eate pas de d\u00e9nigrer la science (mais il la suit quand il s\u2019agit de sa sant\u00e9)"},"content":{"rendered":"<p>        <img decoding=\"async\" loading=\"lazy\" src=\"https:\/\/www.europesays.com\/fr\/wp-content\/uploads\/2025\/10\/eecf2ff_sirius-fs-upload-1-7lmgdixdgrs9-1741266982950-000-36zd7yr.jpg\"  width=\"728\" height=\"409\" alt=\"Pour son nouvel examen m\u00e9dical de routine, les voyants sont toujours au vert pour le plus vieux pr\u00e9sident am\u00e9ricain \u00e0 avoir pr\u00eat\u00e9 serment.\"\/>  <\/p>\n<p>JIM WATSON \/ AFP<\/p>\n<p>Pour son nouvel examen m\u00e9dical de routine, les voyants sont toujours au vert pour le plus vieux pr\u00e9sident am\u00e9ricain \u00e0 avoir pr\u00eat\u00e9 serment.<\/p>\n<p class=\"asset asset-text\">INTERNATIONAL &#8211; De ce c\u00f4t\u00e9-l\u00e0, tous les voyants sont au vert. Lors d\u2019un examen de routine, le pr\u00e9sident am\u00e9ricain <a href=\"https:\/\/www.huffingtonpost.fr\/international\/video\/le-comite-du-prix-nobel-de-la-paix-explique-pourquoi-donald-trump-n-a-pas-ete-recompense_255839.html\" target=\"_blank\" rel=\"noopener\">Donald Trump<\/a> a effectu\u00e9 ce vendredi 10\u00a0septembre sa deuxi\u00e8me <a href=\"https:\/\/www.huffingtonpost.fr\/international\/article\/la-maison-blanche-a-eu-bien-du-mal-a-se-justifier-face-a-ce-rapport-de-sante-bacle_250685.html\" target=\"_blank\" rel=\"noopener\">visite m\u00e9dicale<\/a> depuis son retour \u00e0 la Maison Blanche en janvier.<\/p>\n<p class=\"asset asset-text\">Un \u00e9v\u00e9nement forc\u00e9ment surveill\u00e9 de pr\u00e8s puisque le chef d\u2019\u00c9tat am\u00e9ricain est \u00e2g\u00e9 de 79\u00a0ans. Malgr\u00e9 \u00e7a, il se trouve \u00ab\u00a0en excellente sant\u00e9\u00a0\u00bb, selon le bulletin m\u00e9dical publi\u00e9 apr\u00e8s ce passage \u00e0 l\u2019h\u00f4pital militaire Walter Reed, proche de Washington.<\/p>\n<p class=\"asset asset-text\">Durant l\u2019examen, il a \u00e9t\u00e9 \u00e9tabli que son \u00e2ge cardiaque \u00e9tait \u00ab\u00a0d\u2019environ 14\u00a0ans plus jeune que son \u00e2ge chronologique\u00a0\u00bb, est-il pr\u00e9cis\u00e9. \u00ab\u00a0Le pr\u00e9sident Donald Trump continue d\u2019avoir une sant\u00e9 exceptionnelle, avec de bonnes performances cardiovasculaires, pulmonaires, neurologiques et physiques\u00a0\u00bb, poursuit le document sign\u00e9 par le m\u00e9decin de la pr\u00e9sidence am\u00e9ricaine, Sean Barbabella.<\/p>\n<p class=\"asset asset-text\">Donald Trump en a \u00e9galement profit\u00e9 pour recevoir un rappel du vaccin contre le Covid-19, \u00ab\u00a0en vue d\u2019un d\u00e9placement international\u00a0\u00bb. Une d\u00e9cision surprenante puisque son <a href=\"https:\/\/www.huffingtonpost.fr\/international\/article\/robert-kennedy-jr-ministre-de-la-sante-de-donald-trump-pointe-le-coupable-de-l-epidemie-d-autisme-et-rien-ne-va_255840.html\" target=\"_blank\" rel=\"noopener\">ministre de la Sant\u00e9, RFK Jr.<\/a>, connu pour ses <a href=\"https:\/\/www.huffingtonpost.fr\/international\/article\/robert-f-kennedy-jr-cet-antivax-dont-donald-trump-veut-faire-son-monsieur-sante_241948.html\" target=\"_blank\" rel=\"noopener\">positions vaccinosceptiques<\/a>, a restreint l\u2019acc\u00e8s aux vaccins contre le Covid-19.<\/p>\n<p>                     Traitement standard et affection b\u00e9nigne    <\/p>\n<p class=\"asset asset-text\">Cette \u00ab\u00a0visite m\u00e9dicale annuelle de routine\u00a0\u00bb, annonc\u00e9e d\u00e8s mercredi par la Maison Blanche, succ\u00e8de \u00e0 un examen de sant\u00e9 d\u00e9j\u00e0 effectu\u00e9 en avril par le r\u00e9publicain, lors duquel son m\u00e9decin l\u2019avait d\u00e9j\u00e0 jug\u00e9 en tr\u00e8s bonne sant\u00e9. Des d\u00e9clarations toujours rassurantes alors que Donald Trump reste le pr\u00e9sident le plus \u00e2g\u00e9 \u00e0 avoir pr\u00eat\u00e9 serment aux \u00c9tats-Unis. IL n\u2019\u00e9chappe donc pas aux questions et sp\u00e9culations sur sa sant\u00e9, m\u00eame si elles sont loin d\u2019atteindre l\u2019intensit\u00e9 de celles pos\u00e9es pour son pr\u00e9d\u00e9cesseur, le d\u00e9mocrate Joe Biden.<\/p>\n<p class=\"asset asset-text\">Pour autant, le milliardaire a \u00e9t\u00e9 <a href=\"https:\/\/www.huffingtonpost.fr\/international\/video\/les-mains-de-donald-trump-relancent-les-speculations-sur-l-etat-de-sante-du-president-americain_254105.html\" target=\"_blank\" rel=\"noopener\">vu avec des h\u00e9matomes sur la main droite<\/a>. Et des photos r\u00e9centes le montrent m\u00eame avec une \u00e9paisse couche de maquillage \u00e0 cet endroit. La Maison Blanche avait affirm\u00e9 en juillet que ces bleus \u00e9taient dus \u00e0 \u00ab\u00a0des serrages de main fr\u00e9quents\u00a0\u00bb et \u00e0 sa prise d\u2019aspirine comme traitement cardiovasculaire standard.<\/p>\n<p class=\"asset asset-text\">L\u2019ex\u00e9cutif am\u00e9ricain avait \u00e9galement r\u00e9v\u00e9l\u00e9 que Donald Trump souffrait d\u2019<a href=\"https:\/\/www.huffingtonpost.fr\/life\/article\/donald-trump-souffre-d-une-insuffisance-veineuse-chronique-de-quoi-s-agit-il_252715.html\" target=\"_blank\" rel=\"noopener\">insuffisance veineuse chronique<\/a>, une affection r\u00e9pandue et b\u00e9nigne, se manifestant dans son cas notamment par des gonflements au niveau des chevilles.<\/p>\n","protected":false},"excerpt":{"rendered":"JIM WATSON \/ AFP Pour son nouvel examen m\u00e9dical de routine, les voyants sont toujours au vert pour&hellip;\n","protected":false},"author":2,"featured_media":455188,"comment_status":"","ping_status":"","sticky":false,"template":"","format":"standard","meta":{"footnotes":""},"categories":[5],"tags":[11,4357,75,73,1011,27,14,12,71,773,28],"class_list":{"0":"post-455187","1":"post","2":"type-post","3":"status-publish","4":"format-standard","5":"has-post-thumbnail","7":"category-international","8":"tag-actualites","9":"tag-covid-19","10":"tag-donald-trump","11":"tag-etats-unis","12":"tag-fr","13":"tag-france","14":"tag-international","15":"tag-news","16":"tag-sante","17":"tag-vaccin","18":"tag-world"},"share_on_mastodon":{"url":"https:\/\/pubeurope.com\/@fr\/115355930762534123","error":""},"_links":{"self":[{"href":"https:\/\/www.europesays.com\/fr\/wp-json\/wp\/v2\/posts\/455187","targetHints":{"allow":["GET"]}}],"collection":[{"href":"https:\/\/www.europesays.com\/fr\/wp-json\/wp\/v2\/posts"}],"about":[{"href":"https:\/\/www.europesays.com\/fr\/wp-json\/wp\/v2\/types\/post"}],"author":[{"embeddable":true,"href":"https:\/\/www.europesays.com\/fr\/wp-json\/wp\/v2\/users\/2"}],"replies":[{"embeddable":true,"href":"https:\/\/www.europesays.com\/fr\/wp-json\/wp\/v2\/comments?post=455187"}],"version-history":[{"count":0,"href":"https:\/\/www.europesays.com\/fr\/wp-json\/wp\/v2\/posts\/455187\/revisions"}],"wp:featuredmedia":[{"embeddable":true,"href":"https:\/\/www.europesays.com\/fr\/wp-json\/wp\/v2\/media\/455188"}],"wp:attachment":[{"href":"https:\/\/www.europesays.com\/fr\/wp-json\/wp\/v2\/media?parent=455187"}],"wp:term":[{"taxonomy":"category","embeddable":true,"href":"https:\/\/www.europesays.com\/fr\/wp-json\/wp\/v2\/categories?post=455187"},{"taxonomy":"post_tag","embeddable":true,"href":"https:\/\/www.europesays.com\/fr\/wp-json\/wp\/v2\/tags?post=455187"}],"curies":[{"name":"wp","href":"https:\/\/api.w.org\/{rel}","templated":true}]}}