{"id":455189,"date":"2025-10-11T14:09:11","date_gmt":"2025-10-11T14:09:11","guid":{"rendered":"https:\/\/www.europesays.com\/fr\/455189\/"},"modified":"2025-10-11T14:09:11","modified_gmt":"2025-10-11T14:09:11","slug":"la-fermeture-de-la-mosquee-des-bleuets-annulee-sur-decision-du-juge-administratif","status":"publish","type":"post","link":"https:\/\/www.europesays.com\/fr\/455189\/","title":{"rendered":"la fermeture de la mosqu\u00e9e des Bleuets annul\u00e9e sur d\u00e9cision du juge administratif"},"content":{"rendered":"<p>\n    Le pr\u00e9fet de r\u00e9gion avait ordonn\u00e9 la fermeture de la mosqu\u00e9e en raison des graves propos tenus par l\u2019imam Isma\u00efl. Le tribunal administratif vient d\u2019en d\u00e9cider autrement.<\/p>\n<p class=\"fig-paragraph\">Le tribunal administratif de Marseille a suspendu samedi l&rsquo;ex\u00e9cution de l&rsquo;arr\u00eat\u00e9 ordonnant la fermeture de la mosqu\u00e9e des Bleuets pour deux mois, qui avait \u00e9t\u00e9 pris par la pr\u00e9fecture pour des positions de son imam jug\u00e9es \u00abradicales\u00bb.<\/p>\n<p class=\"fig-paragraph\">Cette fermeture temporaire, d\u00e9cid\u00e9e par le pr\u00e9fet de r\u00e9gion Georges-Francois Leclerc le 6 octobre, porte \u00abatteinte \u00e0 la libert\u00e9 fondamentale du culte\u00bb, a estim\u00e9 le juge des r\u00e9f\u00e9r\u00e9s libert\u00e9, selon un communiqu\u00e9 de presse du tribunal administratif.<\/p>\n<p class=\"fig-body-link\">\n            \u00c0 lire aussi<br \/>\n        <a class=\"fig-body-link__link\" href=\"http:\/\/www.lefigaro.fr\/marseille\/marseille-la-mosquee-des-bleuets-officiellement-sous-le-coup-d-une-fermeture-20251006\" data-fig-type=\"NewsFlash\" data-gtm-custom-categorie=\"navigation\" data-gtm-custom-action=\"crossclick\" data-gtm-custom-label=\"Contextuel\" data-gtm-event=\"customEventSPE\" data-fig-domain=\"LEFIGARO\" target=\"_blank\" rel=\"noopener\">Marseille\u00a0: la mosqu\u00e9e des Bleuets officiellement sous le coup d\u2019une fermeture<br \/>\n    <\/a>\n<\/p>\n<p>                                    <a class=\"fig-a11y-skip a11y-hidden\" href=\"#fig-a11y-skip-main-inarticle\"><br \/>\n        Passer la publicit\u00e9<br \/>\n    <\/a><\/p>\n<p class=\"fig-paragraph\">Il souligne aussi que \u00abla fermeture du lieu de culte cr\u00e9e une situation d&rsquo;urgence \u00e0 l&rsquo;\u00e9gard de l&rsquo;association ainsi priv\u00e9e de son activit\u00e9 principale\u00bb, et des fid\u00e8les, \u00abtout particuli\u00e8rement ceux \u00e0 mobilit\u00e9 r\u00e9duite\u00bb. \u00abLes propos et publications de l&rsquo;imam mis en cause sur les r\u00e9seaux sociaux, anciens ou plus r\u00e9cents ne pr\u00e9sentent pas une menace actuelle de provoquer la haine ou la violence de personnes ou de groupes de personnes\u00bb, a \u00e9galement estim\u00e9 le tribunal.<\/p>\n<p class=\"fig-paragraph\">\u00abCette victoire est une d\u00e9cision d&rsquo;apaisement\u00bb, a r\u00e9agi aupr\u00e8s de l&rsquo;AFP l&rsquo;avocat de la mosqu\u00e9e, Me Sefen Guez Guez, estimant qu&rsquo;\u00abil est temps de laisser la mosqu\u00e9e poursuivre ses activit\u00e9s dans la s\u00e9r\u00e9nit\u00e9\u00bb.<\/p>\n<p class=\"fig-paragraph\">Il y a un an, la pr\u00e9fecture de police des Bouches-du-Rh\u00f4ne avait d\u00e9j\u00e0 menac\u00e9 de fermer cette mosqu\u00e9e des quartiers Nord. L&rsquo;imam Ismail (Sma\u00efn Bendjilali de son vrai nom) avait alors promis de passer un dipl\u00f4me sur la la\u00efcit\u00e9, permettant au lieu de culte de rester ouvert malgr\u00e9 les tensions r\u00e9currentes entre les autorit\u00e9s et l&rsquo;institution religieuse.<\/p>\n<p class=\"fig-paragraph\">Fin mai il avait \u00e9t\u00e9 condamn\u00e9 \u00e0 six mois de prison avec sursis pour apologie du terrorisme pour avoir partag\u00e9 un post sur X en lien avec l&rsquo;attaque du 7 octobre 2023 en Isra\u00ebl. Une d\u00e9cision dont il a fait appel.<\/p>\n<p class=\"fig-paragraph\">Le tribunal note que, \u00abdepuis la reprise de son activit\u00e9 de l&rsquo;int\u00e9ress\u00e9 \u00e0 la mosqu\u00e9e, aucun comportement contraire \u00e0 la loi de 1905, n&rsquo;est \u00e9tabli\u00bb et \u00abaucun fid\u00e8le de la mosqu\u00e9e n&rsquo;a non plus \u00e9t\u00e9 mis en cause\u00bb.<\/p>\n<p>                                    <a class=\"fig-a11y-skip a11y-hidden\" href=\"#fig-a11y-skip-main-inarticle_mtf\"><br \/>\n        Passer la publicit\u00e9<br \/>\n    <\/a><\/p>\n<p class=\"fig-paragraph\">L&rsquo;arr\u00eat\u00e9 pr\u00e9fectoral accusait la mosqu\u00e9e et son imam d&rsquo;avoir sur les r\u00e9seaux sociaux \u00abdes positions favorables \u00e0 l&rsquo;organisation terroriste Hamas et, sous couvert d&rsquo;antisionisme, haineuses \u00e0 l&rsquo;encontre de l&rsquo;\u00c9tat d&rsquo;Isra\u00ebl\u00bb.<\/p>\n<p class=\"fig-paragraph\">\u00abJe mets au d\u00e9fi l&rsquo;administration de trouver une seule mosqu\u00e9e \u00e0 Marseille o\u00f9 des rabbins et des pr\u00eatres viennent assister \u00e0 la pri\u00e8re du vendredi\u00bb, s&rsquo;est d\u00e9fendu l&rsquo;imam durant l&rsquo;audience de vendredi, exceptionnellement autoris\u00e9 \u00e0 prendre la parole.<\/p>\n<p class=\"fig-paragraph\">Georges-Fran\u00e7ois Leclerc, pr\u00e9fet de Provence-Alpes-C\u00f4te d&rsquo;Azur depuis janvier, avait retir\u00e9 le contrat d&rsquo;association avec l&rsquo;\u00c9tat du lyc\u00e9e musulman Averro\u00e8s de Lille lorsqu&rsquo;il \u00e9tait pr\u00e9fet du Nord en 2023. Finalement, le tribunal administratif lui avait donn\u00e9 tort, r\u00e9tablissant en avril ce contrat d&rsquo;association.<\/p>\n","protected":false},"excerpt":{"rendered":"Le pr\u00e9fet de r\u00e9gion avait ordonn\u00e9 la fermeture de la mosqu\u00e9e en raison des graves propos tenus par&hellip;\n","protected":false},"author":2,"featured_media":455190,"comment_status":"","ping_status":"","sticky":false,"template":"","format":"standard","meta":{"footnotes":""},"categories":[4],"tags":[11,1011,27,14577,12,25],"class_list":{"0":"post-455189","1":"post","2":"type-post","3":"status-publish","4":"format-standard","5":"has-post-thumbnail","7":"category-france","8":"tag-actualites","9":"tag-fr","10":"tag-france","11":"tag-mosquee","12":"tag-news","13":"tag-republique-francaise"},"share_on_mastodon":{"url":"https:\/\/pubeurope.com\/@fr\/115355934085576755","error":""},"_links":{"self":[{"href":"https:\/\/www.europesays.com\/fr\/wp-json\/wp\/v2\/posts\/455189","targetHints":{"allow":["GET"]}}],"collection":[{"href":"https:\/\/www.europesays.com\/fr\/wp-json\/wp\/v2\/posts"}],"about":[{"href":"https:\/\/www.europesays.com\/fr\/wp-json\/wp\/v2\/types\/post"}],"author":[{"embeddable":true,"href":"https:\/\/www.europesays.com\/fr\/wp-json\/wp\/v2\/users\/2"}],"replies":[{"embeddable":true,"href":"https:\/\/www.europesays.com\/fr\/wp-json\/wp\/v2\/comments?post=455189"}],"version-history":[{"count":0,"href":"https:\/\/www.europesays.com\/fr\/wp-json\/wp\/v2\/posts\/455189\/revisions"}],"wp:featuredmedia":[{"embeddable":true,"href":"https:\/\/www.europesays.com\/fr\/wp-json\/wp\/v2\/media\/455190"}],"wp:attachment":[{"href":"https:\/\/www.europesays.com\/fr\/wp-json\/wp\/v2\/media?parent=455189"}],"wp:term":[{"taxonomy":"category","embeddable":true,"href":"https:\/\/www.europesays.com\/fr\/wp-json\/wp\/v2\/categories?post=455189"},{"taxonomy":"post_tag","embeddable":true,"href":"https:\/\/www.europesays.com\/fr\/wp-json\/wp\/v2\/tags?post=455189"}],"curies":[{"name":"wp","href":"https:\/\/api.w.org\/{rel}","templated":true}]}}