{"id":455209,"date":"2025-10-11T14:21:17","date_gmt":"2025-10-11T14:21:17","guid":{"rendered":"https:\/\/www.europesays.com\/fr\/455209\/"},"modified":"2025-10-11T14:21:17","modified_gmt":"2025-10-11T14:21:17","slug":"que-va-devenir-la-clinique-mutualiste-de-grenoble-avec-la-liquidation-du-groupe-avec","status":"publish","type":"post","link":"https:\/\/www.europesays.com\/fr\/455209\/","title":{"rendered":"Que va devenir la Clinique mutualiste de Grenoble avec la liquidation du groupe Avec ?"},"content":{"rendered":"<p itemprop=\"description\"><strong>Ce mercredi, le groupe Avec a \u00e9t\u00e9 plac\u00e9 en liquidation judiciaire.<\/strong><\/p>\n<p>Une nouvelle \u00e9tape dans sa longue descente aux enfers, avec en point d&rsquo;orgue la mise en examen du fondateur Bernard Bensa\u00efd pour d\u00e9tournement de fonds publics.<\/p>\n<p>Mais quelles cons\u00e9quences la fin annonc\u00e9e du groupe Avec aura sur ses \u00e9tablissements de sant\u00e9 ? Depuis 2020, il a repris la Clinique mutualiste de Grenoble. Et il poss\u00e8de \u00e9galement dans son portefeuille la clinique de Chartreuse \u00e0 Voiron.<\/p>\n<p>Cela fait plusieurs mois que ces derniers sont g\u00e9r\u00e9s par des administrateurs provisoires. Dans l&rsquo;imm\u00e9diat, cela n&rsquo;a aucun impact sur le bon fonctionnement des cliniques.<\/p>\n<p>Mais il devient \u00e9vident qu&rsquo;elles vont devoir trouver des repreneurs. Un dossier que va suivre de pr\u00e8s Christophe Ferrari, pr\u00e9sident de la M\u00e9tropole de Grenoble : \u00ab\u00a0Aujourd\u2019hui, c\u2019est un ch\u00e2teau de cartes qui s\u2019effondre. Cela va avoir des cons\u00e9quences \u00e0 plusieurs niveaux mais que nous ne mesurons pas encore \u00e0 l\u2019\u00e9chelle du territoire grenoblois. Nous serons attentifs aux impacts de cette liquidation judiciaire au niveau local, pour l\u2019UMG-GHM\u00a0\u00bb.<\/p>\n<p>Une chose est s\u00fbre, Bernard Bensa\u00efd ne peut plus faire de mal au Groupe hospitalier mutualiste (GHM) de Grenoble, dont il est soup\u00e7onn\u00e9 de s&rsquo;\u00eatre servi pour renflouer les caisses de son groupe priv\u00e9. Ainsi, plus de 4 millions d&rsquo;euros avaient \u00e9t\u00e9 vers\u00e9s par le GHM \u00e0 Avec pour des prestations de services num\u00e9riques pr\u00e9sum\u00e9es fictives. Et un pr\u00eat de 8 million d&rsquo;euros avait \u00e9t\u00e9 accord\u00e9 en 2022, et n&rsquo;avait \u00e9t\u00e9 que tr\u00e8s partiellement rembours\u00e9 \u00e0 la Mut&rsquo;. L&rsquo;interpellation de Bernard Bensa\u00efd en 2023 est d&rsquo;ailleurs intervenue alors qu&rsquo;un nouveau pr\u00eat de 2,7 millions d&rsquo;euros allait \u00eatre activ\u00e9.<\/p>\n","protected":false},"excerpt":{"rendered":"Ce mercredi, le groupe Avec a \u00e9t\u00e9 plac\u00e9 en liquidation judiciaire. Une nouvelle \u00e9tape dans sa longue descente&hellip;\n","protected":false},"author":2,"featured_media":455210,"comment_status":"","ping_status":"","sticky":false,"template":"","format":"standard","meta":{"footnotes":""},"categories":[9566],"tags":[1111,11,7733,8279,2430,7736,650,7734,2889,2263,1777,674,1011,27,2731,8280,6417,1114,108,4662,12,3725,1825,25,7737],"class_list":{"0":"post-455209","1":"post","2":"type-post","3":"status-publish","4":"format-standard","5":"has-post-thumbnail","7":"category-grenoble","8":"tag-actu","9":"tag-actualites","10":"tag-alpes","11":"tag-alpes1","12":"tag-auvergne-rhone-alpes","13":"tag-cds","14":"tag-cinema","15":"tag-ecoute","16":"tag-emission","17":"tag-equipe","18":"tag-eu","19":"tag-europe","20":"tag-fr","21":"tag-france","22":"tag-grenoble","23":"tag-haute","24":"tag-information","25":"tag-infos","26":"tag-isere","27":"tag-journal","28":"tag-news","29":"tag-podcast","30":"tag-radio","31":"tag-republique-francaise","32":"tag-winamp"},"share_on_mastodon":{"url":"https:\/\/pubeurope.com\/@fr\/115355982022231252","error":""},"_links":{"self":[{"href":"https:\/\/www.europesays.com\/fr\/wp-json\/wp\/v2\/posts\/455209","targetHints":{"allow":["GET"]}}],"collection":[{"href":"https:\/\/www.europesays.com\/fr\/wp-json\/wp\/v2\/posts"}],"about":[{"href":"https:\/\/www.europesays.com\/fr\/wp-json\/wp\/v2\/types\/post"}],"author":[{"embeddable":true,"href":"https:\/\/www.europesays.com\/fr\/wp-json\/wp\/v2\/users\/2"}],"replies":[{"embeddable":true,"href":"https:\/\/www.europesays.com\/fr\/wp-json\/wp\/v2\/comments?post=455209"}],"version-history":[{"count":0,"href":"https:\/\/www.europesays.com\/fr\/wp-json\/wp\/v2\/posts\/455209\/revisions"}],"wp:featuredmedia":[{"embeddable":true,"href":"https:\/\/www.europesays.com\/fr\/wp-json\/wp\/v2\/media\/455210"}],"wp:attachment":[{"href":"https:\/\/www.europesays.com\/fr\/wp-json\/wp\/v2\/media?parent=455209"}],"wp:term":[{"taxonomy":"category","embeddable":true,"href":"https:\/\/www.europesays.com\/fr\/wp-json\/wp\/v2\/categories?post=455209"},{"taxonomy":"post_tag","embeddable":true,"href":"https:\/\/www.europesays.com\/fr\/wp-json\/wp\/v2\/tags?post=455209"}],"curies":[{"name":"wp","href":"https:\/\/api.w.org\/{rel}","templated":true}]}}