{"id":455213,"date":"2025-10-11T14:23:58","date_gmt":"2025-10-11T14:23:58","guid":{"rendered":"https:\/\/www.europesays.com\/fr\/455213\/"},"modified":"2025-10-11T14:23:58","modified_gmt":"2025-10-11T14:23:58","slug":"un-sacre-coup-de-projecteur-une-serie-tele-allemande-en-tournage-dans-cette-ville-de","status":"publish","type":"post","link":"https:\/\/www.europesays.com\/fr\/455213\/","title":{"rendered":"\u00ab Un sacr\u00e9 coup de projecteur \u00bb : une s\u00e9rie t\u00e9l\u00e9 allemande en tournage dans cette ville de"},"content":{"rendered":"<p><strong>\u00ab\u00a0Le tournage de ce film est un sacr\u00e9 coup de projecteur pour la ville de Dol-de-Bretagne\u00a0\u00bb<\/strong>, se r\u00e9jouit Xavier Coadic, adjoint au maire, en charge du tourisme et du patrimoine.<\/p>\n<p>La Bretagne est une r\u00e9gion pris\u00e9e des\u00a0Allemands, le dernier bilan touristique en atteste et le tournage, il y a quelques ann\u00e9es, des aventures du Commissaire Dupin, \u00e0 Concarneau (Finist\u00e8re) n\u2019y est pas \u00e9tranger.<\/p>\n<p><strong>\u00ab\u00a0Nous n\u2019avons pas choisi Dol-de-Bretagne par hasard, son patrimoine architectural\u00a0collait parfaitement au d\u00e9cor que nous recherchions. Lors de mes rep\u00e9rages, j\u2019ai \u00e9t\u00e9 s\u00e9duit par cette ville, sa grande rue et son ambiance qui correspondaient \u00e0 ce que demandait la production\u00a0<strong>\u00bb<\/strong> <\/strong> confie Jean-Charles Foubert, le r\u00e9gisseur.<\/p>\n<p>Le tournage est pr\u00e9vu pour durer quarante jours, dont six \u00e0 Dol-de-Bretagne, mais aussi \u00e0 Cancale, le sujet du film n\u2019y est pas \u00e9tranger. <strong>\u00ab\u00a0C\u2019est l\u2019histoire d\u2019une femme ostr\u00e9icultrice qui a des difficult\u00e9s financi\u00e8res. Elle va \u00eatre sauv\u00e9e par une investisseuse allemande, qui ne va pas forc\u00e9ment \u00eatre bien accueillie par le monde ostr\u00e9icole. Mais elle d\u00e9couvrira la Bretagne et sa culture\u00a0\u00bb<\/strong>, r\u00e9sume Jean-Charles Foubert.<\/p>\n<p>\t<img decoding=\"async\" src=\"https:\/\/www.europesays.com\/fr\/wp-content\/uploads\/2025\/10\/P35515829D7014137G_px_640_.jpg\" alt=\"photo le restaurant le porche pain situ\u00e9 au 1, rue ceinte, est devenu, pour les besoins du film, la chaussure perdue.  \u00a9  ouest-france\" width=\"640\" title=\" Le restaurant le Porche pain situ\u00e9 au 1, rue Ceinte, est devenu, pour les besoins du film, La Chaussure perdue.   Ouest-France \"\/><\/p>\n<p class=\"elmt-legende\"> Le restaurant le Porche pain situ\u00e9 au 1, rue Ceinte, est devenu, pour les besoins du film, La Chaussure perdue.   Ouest-France <\/p>\n<p>Les lieux de tournage<\/p>\n<p>Pour ne pas g\u00eaner la circulation dans le centre de Dol, la logistique a \u00e9t\u00e9 tir\u00e9e au cordeau, sept camions de mat\u00e9riel et quinze voitures stationnent non loin des lieux du tournage. Quarante techniciens et acteurs allemands et fran\u00e7ais participent \u00e0 ce film. Des s\u00e9quences seront tourn\u00e9es au restaurant Le Porche au Pain, situ\u00e9 dans la rue Ceinte. <strong>\u00ab\u00a0Un restaurant qui avait\u00a0beaucoup plu \u00e0 Tine Rogoll, la r\u00e9alisatrice, lors de sa venue pr\u00e9paratoire \u00e0 Dol-de-Bretagne. Son cadre est id\u00e9al, mais\u00a0pour les besoins de l\u2019histoire, il a \u00e9t\u00e9 rebaptis\u00e9\u00a0La Chaussure perdue. C\u2019est l\u00e0 o\u00f9 officie Alan, un des h\u00e9ros du film\u00a0\u00bb,<\/strong> pr\u00e9cise le r\u00e9gisseur.<\/p>\n<p>La Table ronde, cr\u00eaperie atypique du centre-ville, servira aussi de d\u00e9cor \u00e0 cette com\u00e9die. <strong>\u00ab\u00a0Par ailleurs, nous tournerons dans une maison priv\u00e9e de Dol, qui est cens\u00e9e \u00eatre une demeure de D\u00fcsseldorf\u00a0\u00bb<\/strong>, annonce Jean-Charles Foubert.<\/p>\n<p>Et ce dernier est ravi de l\u2019accueil qui a \u00e9t\u00e9 r\u00e9serv\u00e9\u00a0\u00e0 l\u2019\u00e9quipe de tournage par les commer\u00e7ants et la municipalit\u00e9.<\/p>\n<p>Plusieurs mois de travail seront encore n\u00e9cessaires avant que le film soit diffus\u00e9 sur la premi\u00e8re cha\u00eene publique allemande du groupe ARD. Quant \u00e0 savoir s\u2019il sera diffus\u00e9 en France, la r\u00e9ponse est dans les mains des producteurs et des diffuseurs.<\/p>\n<p>\u00a0<\/p>\n","protected":false},"excerpt":{"rendered":"\u00ab\u00a0Le tournage de ce film est un sacr\u00e9 coup de projecteur pour la ville de Dol-de-Bretagne\u00a0\u00bb, se r\u00e9jouit&hellip;\n","protected":false},"author":2,"featured_media":455214,"comment_status":"","ping_status":"","sticky":false,"template":"","format":"standard","meta":{"footnotes":""},"categories":[2821],"tags":[1111,11,36901,829,3952,1777,674,1011,27,12,58063,584,25,6938,521,5726,6265,4824],"class_list":{"0":"post-455213","1":"post","2":"type-post","3":"status-publish","4":"format-standard","5":"has-post-thumbnail","7":"category-rennes","8":"tag-actu","9":"tag-actualites","10":"tag-allemande","11":"tag-bretagne","12":"tag-coup","13":"tag-eu","14":"tag-europe","15":"tag-fr","16":"tag-france","17":"tag-news","18":"tag-projecteur","19":"tag-rennes","20":"tag-republique-francaise","21":"tag-sacre","22":"tag-serie","23":"tag-tele","24":"tag-tournage","25":"tag-ville"},"share_on_mastodon":{"url":"https:\/\/pubeurope.com\/@fr\/115355993539492733","error":""},"_links":{"self":[{"href":"https:\/\/www.europesays.com\/fr\/wp-json\/wp\/v2\/posts\/455213","targetHints":{"allow":["GET"]}}],"collection":[{"href":"https:\/\/www.europesays.com\/fr\/wp-json\/wp\/v2\/posts"}],"about":[{"href":"https:\/\/www.europesays.com\/fr\/wp-json\/wp\/v2\/types\/post"}],"author":[{"embeddable":true,"href":"https:\/\/www.europesays.com\/fr\/wp-json\/wp\/v2\/users\/2"}],"replies":[{"embeddable":true,"href":"https:\/\/www.europesays.com\/fr\/wp-json\/wp\/v2\/comments?post=455213"}],"version-history":[{"count":0,"href":"https:\/\/www.europesays.com\/fr\/wp-json\/wp\/v2\/posts\/455213\/revisions"}],"wp:featuredmedia":[{"embeddable":true,"href":"https:\/\/www.europesays.com\/fr\/wp-json\/wp\/v2\/media\/455214"}],"wp:attachment":[{"href":"https:\/\/www.europesays.com\/fr\/wp-json\/wp\/v2\/media?parent=455213"}],"wp:term":[{"taxonomy":"category","embeddable":true,"href":"https:\/\/www.europesays.com\/fr\/wp-json\/wp\/v2\/categories?post=455213"},{"taxonomy":"post_tag","embeddable":true,"href":"https:\/\/www.europesays.com\/fr\/wp-json\/wp\/v2\/tags?post=455213"}],"curies":[{"name":"wp","href":"https:\/\/api.w.org\/{rel}","templated":true}]}}