{"id":455217,"date":"2025-10-11T14:27:13","date_gmt":"2025-10-11T14:27:13","guid":{"rendered":"https:\/\/www.europesays.com\/fr\/455217\/"},"modified":"2025-10-11T14:27:13","modified_gmt":"2025-10-11T14:27:13","slug":"strasbourg-place-kleber-un-rassemblement-pour-reclamer-la-requisition-de-logements-vides","status":"publish","type":"post","link":"https:\/\/www.europesays.com\/fr\/455217\/","title":{"rendered":"Strasbourg. Place Kl\u00e9ber, un rassemblement pour r\u00e9clamer la r\u00e9quisition de logements vides"},"content":{"rendered":"<p>Un homme, sans-abri, est assis \u00e0 c\u00f4t\u00e9 de son couchage, \u00e0 l\u2019angle de la rue des Grandes-Arcades et de la place Kl\u00e9ber \u00e0 Strasbourg. T\u00e9moin involontaire du combat men\u00e9 par l\u2019association nationale Droit au logement (DAL), dont le comit\u00e9 strasbourgeois s\u2019est reform\u00e9 en 2024.<\/p>\n<p>\u00ab\u00a0Cette mobilisation est n\u00e9e de l\u2019indignation de voir autant de personnes et de familles \u00e0 la rue\u00a0\u00bb et de \u00ab\u00a0 <a href=\"https:\/\/www.dna.fr\/d\/campement-du-parc-de-l-etoile-les-tentes-du-desespoir-1039d250-1172-4942-bd51-80748ed2cff9\" target=\"_blank\" rel=\"nofollow noopener\">l\u2019expulsion r\u00e9p\u00e9titive<\/a> des diff\u00e9rents campements \u00e0 Strasbourg\u00a0\u00bb, retrace une militante du DAL qui pr\u00e9f\u00e8re rester anonyme. Outre ces cas extr\u00eames de personnes sans toit, dont il est difficile d\u2019\u00e9valuer le nombre pr\u00e9cis, \u00ab\u00a0le mal-logement touche aussi <a href=\"https:\/\/www.dna.fr\/economie\/2024\/08\/28\/la-galere-des-etudiants-pour-trouver-un-logement\" target=\"_blank\" rel=\"nofollow noopener\"> les \u00e9tudiants<\/a> , les \u00e9tudiantes, les classes moyennes\u2026\u00a0\u00bb, d\u00e9plore la jeune artiste-autrice.<\/p>\n<p>  La tour Europe, \u00ab\u00a010\u00a0000\u00a0m\u00b2\u00a0inoccup\u00e9s en plein centre-ville\u00a0\u00bb<\/p>\n<p>La tour Europe, qui domine la place des Halles \u00e0 Strasbourg, est devenue le symbole du combat men\u00e9 par le comit\u00e9 Droit au logement 67. Cet immeuble de bureaux, construit \u00e0 la fin des ann\u00e9es 1970, compte \u00ab\u00a014 \u00e9tages vides, sur 17 au total, soit pr\u00e8s de 10\u00a0000\u00a0m2\u00a0 inoccup\u00e9s en plein centre-ville\u00a0\u00bb, d\u00e9nonce l\u2019association. La capitale alsacienne compterait, par ailleurs, \u00ab\u00a014\u00a0000 logements vides\u00a0\u00bb, soit \u00ab\u00a09\u00a0% du parc total\u00a0\u00bb, indique Sylwan, membre du DAL et doctorant en biologie.<\/p>\n<p>\u00ab\u00a0\u00c7a montre l\u2019absurdit\u00e9 de la situation, sa gravit\u00e9 et le fait que mat\u00e9riellement, les solutions existent. Il y a de quoi loger tout le monde en France et, notamment, \u00e0 Strasbourg. La suite n\u2019est qu\u2019une question de <a href=\"https:\/\/www.dna.fr\/societe\/2025\/09\/15\/les-communes-carencees-en-logements-sociaux-dans-l-eurometropole-passent-de-quatre-a-dix\" target=\"_blank\" rel=\"nofollow noopener\">volont\u00e9 politique<\/a> et de rapport de force\u00a0\u00bb, poursuit le militant.<\/p>\n<p>Ce contenu est bloqu\u00e9 car vous n&rsquo;avez pas accept\u00e9 les cookies et autres traceurs.<\/p>\n<p>En cliquant sur \u00ab J\u2019accepte \u00bb, les cookies et autres traceurs seront d\u00e9pos\u00e9s et vous pourrez visualiser les contenus  (<a href=\"\" class=\"consentModule_policy\" target=\"_blank\" title=\"Consulter la politique de protection des donn\u00e9es du fournisseur\">plus d&rsquo;informations<\/a>).<\/p>\n<p>En cliquant sur \u00ab J\u2019accepte tous les cookies \u00bb, vous autorisez des d\u00e9p\u00f4ts de cookies et autres traceurs pour le stockage de vos donn\u00e9es sur nos sites et applications \u00e0 des fins de personnalisation et de ciblage publicitaire.<\/p>\n<p class=\"consentModule_secondaryText\">Vous gardez la possibilit\u00e9 de retirer votre consentement \u00e0 tout moment en consultant notre <a href=\"https:\/\/www.dna.fr\/protection-des-donnees\" target=\"_blank\" title=\"Consulter notre politique de protection des donn\u00e9es\" rel=\"nofollow noopener\">politique de protection des donn\u00e9es<\/a>. <br \/>&#13;<br \/>\n            <a href=\"https:\/\/www.dna.fr\/faits-divers-justice\/2025\/10\/11\/javascript:Didomi.notice.show()\" class=\"consentModule_cmp\" rel=\"nofollow noopener\" target=\"_blank\">G\u00e9rer mes choix<\/a>&#13;\n        <\/p>\n<p>&#13;<br \/>\n                        J&rsquo;accepte&#13;<br \/>\n            J&rsquo;accepte tous les cookies&#13;\n        <\/p>\n<p>L\u2019association milite pour \u00ab\u00a0la r\u00e9quisition\u00a0\u00bb des logements vides. Comme le permet l\u2019ordonnance du 11\u00a0octobre 1945, pr\u00e9vue pour faire face \u00e0 la p\u00e9nurie de logement de l\u2019apr\u00e8s-guerre. \u00ab\u00a0Cette loi n\u2019est plus appliqu\u00e9e alors qu\u2019elle existe\u00a0\u00bb, insiste Sylwan. \u00ab\u00a0Ce cadre juridique est applicable\u00a0\u00bb par \u00ab\u00a0l\u2019\u00c9tat\u00a0\u00bb ou par \u00ab\u00a0les mairies, en utilisant leur pouvoir de police\u00a0\u00bb.<\/p>\n<p>\u00ab\u00a0\u00c7a serait moins cher d\u2019appliquer la loi r\u00e9quisition que de payer des chambres d\u2019h\u00f4tel\u00a0\u00bb, reprend la militante, en s\u2019appuyant sur \u00ab\u00a0un rapport de la Cour des comptes\u00a0\u00bb. Sur la place Kl\u00e9ber, l\u2019homme sans-abri s\u2019est rallong\u00e9 sur son sac de couchage.<\/p>\n<p class=\"note\">Le \u00ab\u00a0Collectif inter-\u00e9tablissements\u00a0\u00bb qui rassemble des parents et des enseignants mobilis\u00e9s pour aider les \u00e9coliers et leur famille \u00e0 la rue, l\u2019union syndicale Solidaires Alsace et le Syndicat des avocats de France (SAF) participaient \u00e9galement \u00e0 cette action.<\/p>\n","protected":false},"excerpt":{"rendered":"Un homme, sans-abri, est assis \u00e0 c\u00f4t\u00e9 de son couchage, \u00e0 l\u2019angle de la rue des Grandes-Arcades et&hellip;\n","protected":false},"author":2,"featured_media":455218,"comment_status":"","ping_status":"","sticky":false,"template":"","format":"standard","meta":{"footnotes":""},"categories":[2820],"tags":[1111,11,2880,1777,674,274,107,1011,27,775,12,25,801,640,2879],"class_list":{"0":"post-455217","1":"post","2":"type-post","3":"status-publish","4":"format-standard","5":"has-post-thumbnail","7":"category-strasbourg","8":"tag-actu","9":"tag-actualites","10":"tag-edition-strasbourg","11":"tag-eu","12":"tag-europe","13":"tag-faits-divers-justice","14":"tag-fil-info","15":"tag-fr","16":"tag-france","17":"tag-grand-est","18":"tag-news","19":"tag-republique-francaise","20":"tag-social","21":"tag-strasbourg","22":"tag-strasbourg-ville"},"share_on_mastodon":{"url":"https:\/\/pubeurope.com\/@fr\/115356004827694274","error":""},"_links":{"self":[{"href":"https:\/\/www.europesays.com\/fr\/wp-json\/wp\/v2\/posts\/455217","targetHints":{"allow":["GET"]}}],"collection":[{"href":"https:\/\/www.europesays.com\/fr\/wp-json\/wp\/v2\/posts"}],"about":[{"href":"https:\/\/www.europesays.com\/fr\/wp-json\/wp\/v2\/types\/post"}],"author":[{"embeddable":true,"href":"https:\/\/www.europesays.com\/fr\/wp-json\/wp\/v2\/users\/2"}],"replies":[{"embeddable":true,"href":"https:\/\/www.europesays.com\/fr\/wp-json\/wp\/v2\/comments?post=455217"}],"version-history":[{"count":0,"href":"https:\/\/www.europesays.com\/fr\/wp-json\/wp\/v2\/posts\/455217\/revisions"}],"wp:featuredmedia":[{"embeddable":true,"href":"https:\/\/www.europesays.com\/fr\/wp-json\/wp\/v2\/media\/455218"}],"wp:attachment":[{"href":"https:\/\/www.europesays.com\/fr\/wp-json\/wp\/v2\/media?parent=455217"}],"wp:term":[{"taxonomy":"category","embeddable":true,"href":"https:\/\/www.europesays.com\/fr\/wp-json\/wp\/v2\/categories?post=455217"},{"taxonomy":"post_tag","embeddable":true,"href":"https:\/\/www.europesays.com\/fr\/wp-json\/wp\/v2\/tags?post=455217"}],"curies":[{"name":"wp","href":"https:\/\/api.w.org\/{rel}","templated":true}]}}