{"id":455219,"date":"2025-10-11T14:28:17","date_gmt":"2025-10-11T14:28:17","guid":{"rendered":"https:\/\/www.europesays.com\/fr\/455219\/"},"modified":"2025-10-11T14:28:17","modified_gmt":"2025-10-11T14:28:17","slug":"voici-ce-qui-est-prevu-4","status":"publish","type":"post","link":"https:\/\/www.europesays.com\/fr\/455219\/","title":{"rendered":"voici ce qui est pr\u00e9vu"},"content":{"rendered":"<p>            Par<br \/>\n        <strong><br \/>\n            <a href=\"https:\/\/actu.fr\/auteur\/arthur-frand\" title=\"Consulter tous les articles de Arthur Frand\" target=\"_blank\" rel=\"noopener\">Arthur Frand<\/a><br \/>\n        <\/strong><\/p>\n<p>        Publi\u00e9 le<\/p>\n<p>            10 oct. 2025 \u00e0 6h36        <\/p>\n<p>\u00c0 <a href=\"https:\/\/actu.fr\/nice\/\" target=\"_blank\" rel=\"noopener\">Nice<\/a>, la campagne pour les \u00e9lections municipales est bien lanc\u00e9e. Et l\u2019association de d\u00e9fense des animaux L214 compte <strong>faire entendre sa voix.\u00a0<\/strong>Elle pr\u00e9voit une action de sensibilisation citoyenne, visuelle et marquante, ce samedi 11\u00a0octobre, place Mass\u00e9na, dans le centre-ville de Nice (<a href=\"https:\/\/actu.fr\/provence-alpes-cote-d-azur\/alpes-maritimes_06\" target=\"_blank\" rel=\"noopener\">Alpes-Maritimes<\/a>). L\u2019association m\u00e8ne <strong>r\u00e9guli\u00e8rement des actions<\/strong>\u00a0contre des <a href=\"https:\/\/actu.fr\/provence-alpes-cote-d-azur\/nice_06088\/nice-une-manifestation-devant-ce-leclerc-contre-des-pratiques-d-elevage-polemiques_62491781.html\" target=\"_blank\" rel=\"noopener\">enseignes de grande distribution<\/a> notamment. Cette fois, elle vise la mairie et les candidats aux \u00e9lections municipales de 2026. Voici ce qu\u2019elle pr\u00e9voit de faire.<\/p>\n<p>\u00ab\u2009Un compteur humain\u2009\u00bb Place Mass\u00e9na<\/p>\n<p class=\" wall-content\">Pour alerter les passants, durant deux heures ce samedi 11\u00a0octobre, une dizaine de membres de L124 \u00e0 Nice fera d\u00e9filer en temps r\u00e9el le <strong>nombre d\u2019animaux tu\u00e9s pour nourrir la ville<\/strong> depuis le d\u00e9but du mandat de Christian Estrosi gr\u00e2ce \u00e0 un \u00ab\u2009compteur humain\u2009\u00bb. Les membres de L214 porteront des vestes de couleur orange, tr\u00e8s identifi\u00e9es par le public.<\/p>\n<p class=\" wall-content\">Une deuxi\u00e8me \u00e9quipe sera pr\u00e9sente pour <strong>\u00e9changer avec le public<\/strong> sur la cause animale et r\u00e9pondre \u00e0 toutes les questions. Et pourquoi pas dialoguer directement sur place avec les <a href=\"https:\/\/actu.fr\/provence-alpes-cote-d-azur\/nice_06088\/municipales-2026-a-nice-voici-tous-les-candidats-declares-pour-l-election_63153431.html\" target=\"_blank\" rel=\"noopener\">candidats d\u00e9clar\u00e9s aux municipales<\/a>.<\/p>\n<blockquote class=\"ac-article-quote wall-content\">\n<p>On est ouvert \u00e0 toute collaboration avec l\u2019\u00e9quipe municipale en place, en souhaitant des engagements plus forts de Mr Estrosi mais aussi de la part des autres candidats aux municipales\u20092026<\/p>\n<p>    <strong>Lo\u00efc Lalande<\/strong><br \/>\n        R\u00e9f\u00e9rent L214 \u00e0 Nice    <\/p><\/blockquote>\n<p class=\" wall-content\">L\u2019association incite les candidats \u00e0 s\u2019engager en signant la <a href=\"https:\/\/www.l214.com\/wp-content\/uploads\/2025\/07\/L214-Campagne50pc-ChartePol-clair-maires-A4.pdf\" target=\"_blank\" rel=\"noopener\">charte<\/a> nationale d\u00e9taill\u00e9e et nomm\u00e9e \u00ab\u2009Le sauvetage du si\u00e8cle\u2009\u00bb. Sans orienter les choix. \u00ab\u2009On pousse \u00e0 l\u2019engagement, on n\u2019encourage pas quelqu\u2019un \u00e0 aller vers un parti politique, on observe ce que tel ou tel parti propose et fait pour cause animale, c\u2019est ce qui nous importe\u2009\u00bb, poursuit Lo\u00efc Lalande.<\/p>\n<p>40 animaux abattus par minute \u00e0 Nice selon L214<\/p>\n<p class=\" wall-content\">Pour accompagner son action, L214 avance des chiffres tr\u00e8s <strong>clairs et marquants<\/strong>. \u00ab\u200966\u2009000 animaux sont tu\u00e9s chaque jour pour la ville depuis le d\u00e9but du mandat en 2020. chaque minute qui passe, 40 animaux sont abattus pour Nice. Si on remplissait l\u2019Allianz Riviera (stade de l\u2019OGC Nice) aussi vite que l\u2019on tue des animaux pour la consommation de Nice, il faudrait seulement 14\u00a0heures et 50\u00a0minutes pour le remplir\u2009\u00bb, souligne l\u2019association.<\/p>\n<p class=\" wall-content\">Pour L214, la municipalit\u00e9 ni\u00e7oise a la capacit\u00e9 et le pouvoir de <strong>r\u00e9duire de moiti\u00e9 le nombre d\u2019animaux tu\u00e9s<\/strong>. Comment\u2009? L\u2019association propose plusieurs mesures dont les suivantes\u2009:<\/p>\n<ul class=\" wall-content\">\n<li>Un objectif de r\u00e9duction de 50\u2009% de la consommation de produits d\u2019origine animale<br \/>d\u2019ici 2032<\/li>\n<li>Une option v\u00e9g\u00e9tarienne quotidienne dans les cantines scolaires de Nice<\/li>\n<li>Deux journ\u00e9es v\u00e9g\u00e9tariennes hebdomadaires dans les cantines scolaires de Nice<\/li>\n<li>Proposer une offre v\u00e9g\u00e9tale significative dans les buffets des r\u00e9ceptions officielles de la ville de Nice pour le mandat 2026-2032<\/li>\n<li>Un objectif d\u2019exclusion des produits issus de l\u2019\u00e9levage sans acc\u00e8s au plein air en l\u2019inscrivant dans un document officiel adopt\u00e9 par d\u00e9lib\u00e9ration en conseil municipal<\/li>\n<\/ul>\n<p>Votre r\u00e9gion, votre actu !<\/p>\n<p>Recevez chaque jour les infos qui comptent pour vous.<\/p>\n<p>\t<a href=\"https:\/\/actu.fr\/newsletter\" class=\"ac-btn ac-btn--corner ac-btn--medium ac-btn--blue800\" target=\"_blank\" rel=\"noopener\">S&rsquo;incrire<\/a><\/p>\n<p class=\" wall-content\">En mars\u00a02015, L124 avait <strong>men\u00e9 une action choc<\/strong> en recouvrant la fa\u00e7ade de l\u2019H\u00f4tel de ville par des dizaines d\u2019affichettes orange en forme de poisson, accompagn\u00e9es de l\u2019inscription \u00ab\u2009ceci n\u2019est pas un poisson\u2009\u00bb. Elle r\u00e9clamait d\u00e9j\u00e0 l\u2019instauration d\u2019un menu 100\u2009% v\u00e9g\u00e9tarien dans les cantines ni\u00e7oises.<\/p>\n<p>Une action \u00e0 Antibes aussi<\/p>\n<p class=\" wall-content\">L\u2019action de L214 \u00e0 Nice sera fixe \u00e0 Mass\u00e9na et n\u2019aura donc pas d\u2019impact sur la circulation ce samedi 11\u00a0octobre.<\/p>\n<p class=\" wall-content\">En parall\u00e8le, une action <strong>est pr\u00e9vue \u00e0 Antibes<\/strong>, sur le m\u00eame principe. Elle aura lieu sur la Place des Martyrs de la R\u00e9sistance, de 11h \u00e0 13h ce samedi 11\u00a0octobre.<\/p>\n<p class=\" wall-content\">Personnalisez votre actualit\u00e9 en ajoutant vos villes et m\u00e9dias en favori avec <a href=\"https:\/\/moncompte.actu.fr\" title=\"D\u00e9couvez Mon Actu\" rel=\"nofollow noopener\" data-trk=\"{&quot;cta&quot;:{&quot;action&quot;:&quot;https:\\\/\\\/moncompte.actu.fr&quot;,&quot;category&quot;:&quot;mon compte&quot;,&quot;from&quot;:&quot;article footer&quot;,&quot;name&quot;:&quot;Mon actu&quot;,&quot;type&quot;:&quot;cta&quot;}}\" target=\"_blank\">Mon Actu<\/a>.<\/p>\n","protected":false},"excerpt":{"rendered":"Par Arthur Frand Publi\u00e9 le 10 oct. 2025 \u00e0 6h36 \u00c0 Nice, la campagne pour les \u00e9lections municipales&hellip;\n","protected":false},"author":2,"featured_media":455220,"comment_status":"","ping_status":"","sticky":false,"template":"","format":"standard","meta":{"footnotes":""},"categories":[2819],"tags":[1111,11,1867,1777,674,1011,27,1272,3434,12,2401,882,25,104],"class_list":{"0":"post-455219","1":"post","2":"type-post","3":"status-publish","4":"format-standard","5":"has-post-thumbnail","7":"category-nice","8":"tag-actu","9":"tag-actualites","10":"tag-animaux","11":"tag-eu","12":"tag-europe","13":"tag-fr","14":"tag-france","15":"tag-manifestations","16":"tag-municipales-2026","17":"tag-news","18":"tag-nice","19":"tag-provence-alpes-cote-dazur","20":"tag-republique-francaise","21":"tag-societe"},"share_on_mastodon":{"url":"https:\/\/pubeurope.com\/@fr\/115356008771263542","error":""},"_links":{"self":[{"href":"https:\/\/www.europesays.com\/fr\/wp-json\/wp\/v2\/posts\/455219","targetHints":{"allow":["GET"]}}],"collection":[{"href":"https:\/\/www.europesays.com\/fr\/wp-json\/wp\/v2\/posts"}],"about":[{"href":"https:\/\/www.europesays.com\/fr\/wp-json\/wp\/v2\/types\/post"}],"author":[{"embeddable":true,"href":"https:\/\/www.europesays.com\/fr\/wp-json\/wp\/v2\/users\/2"}],"replies":[{"embeddable":true,"href":"https:\/\/www.europesays.com\/fr\/wp-json\/wp\/v2\/comments?post=455219"}],"version-history":[{"count":0,"href":"https:\/\/www.europesays.com\/fr\/wp-json\/wp\/v2\/posts\/455219\/revisions"}],"wp:featuredmedia":[{"embeddable":true,"href":"https:\/\/www.europesays.com\/fr\/wp-json\/wp\/v2\/media\/455220"}],"wp:attachment":[{"href":"https:\/\/www.europesays.com\/fr\/wp-json\/wp\/v2\/media?parent=455219"}],"wp:term":[{"taxonomy":"category","embeddable":true,"href":"https:\/\/www.europesays.com\/fr\/wp-json\/wp\/v2\/categories?post=455219"},{"taxonomy":"post_tag","embeddable":true,"href":"https:\/\/www.europesays.com\/fr\/wp-json\/wp\/v2\/tags?post=455219"}],"curies":[{"name":"wp","href":"https:\/\/api.w.org\/{rel}","templated":true}]}}