{"id":455221,"date":"2025-10-11T14:29:12","date_gmt":"2025-10-11T14:29:12","guid":{"rendered":"https:\/\/www.europesays.com\/fr\/455221\/"},"modified":"2025-10-11T14:29:12","modified_gmt":"2025-10-11T14:29:12","slug":"nice-encore-sans-son-capitaine-dante-face-a-lol","status":"publish","type":"post","link":"https:\/\/www.europesays.com\/fr\/455221\/","title":{"rendered":"Nice encore sans son capitaine Dante face \u00e0 l&rsquo;OL ?"},"content":{"rendered":"<p>                            <img width=\"770\" height=\"433\" src=\"https:\/\/www.europesays.com\/fr\/wp-content\/uploads\/2025\/10\/000_33GW7RB-770x433.jpg\" class=\"attachment-article size-article wp-post-image\" alt=\"Sa\u00ebl Kumbedi (OL) face \u00e0 Dante (Nice)\" decoding=\"async\" fetchpriority=\"high\"  \/><\/p>\n<p>Sa\u00ebl Kumbedi (OL) face \u00e0 Dante (Nice) (Photo by CHRISTOPHE SIMON \/ AFP)<\/p>\n<p>Samedi 18 octobre, Nice recevra l&rsquo;OL \u00e0 17 heures. Le Br\u00e9silien et capitaine des Aiglons, Dante, est en d\u00e9licatesse avec un genou.<\/p>\n<p>Il fait figure d&rsquo;historique en Ligue 1. \u00c0 41 ans, <strong>Dante <\/strong>bat presque tous les records de long\u00e9vit\u00e9. Mais ces derni\u00e8res semaines, le d\u00e9fenseur a pass\u00e9 beaucoup de temps \u00e0 l&rsquo;infirmerie. Il n&rsquo;a plus jou\u00e9 depuis le 24 septembre, lors de la d\u00e9faite 2 \u00e0 0 contre l&rsquo;AS Roma. Cette saison, l&rsquo;ancien membre du Bayern Munich a particip\u00e9 \u00e0 seulement trois rencontres, dont une en championnat, face au FC Nantes (1-0).<\/p>\n<p>Dans cette p\u00e9riode d\u00e9licate pour Nice, Franck <strong>Haise <\/strong>aimerait bien compter sur son capitaine. Mais comme l&rsquo;entra\u00eeneur ni\u00e7ois l&rsquo;a expliqu\u00e9 voil\u00e0 quelque temps, il doit g\u00e9rer son joueur au jour le jour. La cause ? Son genou gauche qui est douloureux. <\/p>\n<p>Un secteur d\u00e9fensif \u00e0 repenser<\/p>\n<p>Sauf que dans ce secteur de jeu, les Aiglons commencent \u00e0 \u00eatre en d\u00e9ficit. En effet, <strong>Abdelmonem<\/strong>,\u00a0<strong>Ndayishimiye\u00a0<\/strong>et\u00a0<a href=\"https:\/\/www.olympique-et-lyonnais.com\/avant-daffronter-lol-nice-perd-un-nouveau-defenseur-sur-blessure,381921.html\" rel=\"nofollow noopener\" target=\"_blank\">Mo\u00efse\u00a0<strong>Bombito<\/strong><\/a> sont tous sur le flanc. Soit autant de solutions en moins dans l&rsquo;axe de l&rsquo;arri\u00e8re-garde pour le Gym. Sans oublier que le lat\u00e9ral\u00a0<a href=\"https:\/\/www.olympique-et-lyonnais.com\/contre-lol-nice-fera-egalement-sans-ali-abdi,381975.html\" rel=\"nofollow noopener\" target=\"_blank\">Ali\u00a0<strong>Abdi<\/strong><\/a>\u00a0est lui suspendu. Parmi les bonnes nouvelles pour l&rsquo;OGCN, on peut noter que Tanguy <strong>Ndombele <\/strong>a repris la comp\u00e9tition avec la r\u00e9serve lors du duel face \u00e0 Saint-Etienne vendredi.<\/p>\n<p>Futur adversaire de l&rsquo;OL samedi 18 octobre (17 heures), Nice doit ainsi g\u00e9rer plusieurs incertitudes, en plus <a href=\"https:\/\/www.olympique-et-lyonnais.com\/un-nice-en-delicatesse-attend-lol-apres-la-treve,382054.html\" rel=\"nofollow noopener\" target=\"_blank\">de r\u00e9sultats globalement d\u00e9cevants<\/a>. Mais pour l&rsquo;Olympique lyonnais, il faudra \u00e9videmment se m\u00e9fier d&rsquo;une b\u00eate bless\u00e9e, encore plus \u00e0 domicile, <a href=\"https:\/\/www.olympique-et-lyonnais.com\/contre-lol-la-populaire-sud-de-nice-en-sursis,382129.html\" rel=\"nofollow noopener\" target=\"_blank\">devant son public<\/a>.<\/p>\n","protected":false},"excerpt":{"rendered":"Sa\u00ebl Kumbedi (OL) face \u00e0 Dante (Nice) (Photo by CHRISTOPHE SIMON \/ AFP) Samedi 18 octobre, Nice recevra&hellip;\n","protected":false},"author":2,"featured_media":455222,"comment_status":"","ping_status":"","sticky":false,"template":"","format":"standard","meta":{"footnotes":""},"categories":[2819],"tags":[1111,11,13723,1777,674,1011,27,12,2401,241,882,25],"class_list":{"0":"post-455221","1":"post","2":"type-post","3":"status-publish","4":"format-standard","5":"has-post-thumbnail","7":"category-nice","8":"tag-actu","9":"tag-actualites","10":"tag-dante","11":"tag-eu","12":"tag-europe","13":"tag-fr","14":"tag-france","15":"tag-news","16":"tag-nice","17":"tag-ol","18":"tag-provence-alpes-cote-dazur","19":"tag-republique-francaise"},"share_on_mastodon":{"url":"https:\/\/pubeurope.com\/@fr\/115356013119487914","error":""},"_links":{"self":[{"href":"https:\/\/www.europesays.com\/fr\/wp-json\/wp\/v2\/posts\/455221","targetHints":{"allow":["GET"]}}],"collection":[{"href":"https:\/\/www.europesays.com\/fr\/wp-json\/wp\/v2\/posts"}],"about":[{"href":"https:\/\/www.europesays.com\/fr\/wp-json\/wp\/v2\/types\/post"}],"author":[{"embeddable":true,"href":"https:\/\/www.europesays.com\/fr\/wp-json\/wp\/v2\/users\/2"}],"replies":[{"embeddable":true,"href":"https:\/\/www.europesays.com\/fr\/wp-json\/wp\/v2\/comments?post=455221"}],"version-history":[{"count":0,"href":"https:\/\/www.europesays.com\/fr\/wp-json\/wp\/v2\/posts\/455221\/revisions"}],"wp:featuredmedia":[{"embeddable":true,"href":"https:\/\/www.europesays.com\/fr\/wp-json\/wp\/v2\/media\/455222"}],"wp:attachment":[{"href":"https:\/\/www.europesays.com\/fr\/wp-json\/wp\/v2\/media?parent=455221"}],"wp:term":[{"taxonomy":"category","embeddable":true,"href":"https:\/\/www.europesays.com\/fr\/wp-json\/wp\/v2\/categories?post=455221"},{"taxonomy":"post_tag","embeddable":true,"href":"https:\/\/www.europesays.com\/fr\/wp-json\/wp\/v2\/tags?post=455221"}],"curies":[{"name":"wp","href":"https:\/\/api.w.org\/{rel}","templated":true}]}}