{"id":455241,"date":"2025-10-11T14:40:12","date_gmt":"2025-10-11T14:40:12","guid":{"rendered":"https:\/\/www.europesays.com\/fr\/455241\/"},"modified":"2025-10-11T14:40:12","modified_gmt":"2025-10-11T14:40:12","slug":"linsecurite-pointee-du-doigt-dans-ce-quartier-de-lyon","status":"publish","type":"post","link":"https:\/\/www.europesays.com\/fr\/455241\/","title":{"rendered":"l\u2019ins\u00e9curit\u00e9 point\u00e9e du doigt dans ce quartier de Lyon"},"content":{"rendered":"<p>\u00ab\u00a0S\u2019il y a trafics, il y a forc\u00e9ment des r\u00e8glements de compte. Les gens s\u2019attendent \u00e0 ce que cela finisse par un drame\u00a0\u00bb, dit Lucie(1). Comme elle, ils sont plusieurs habitants ou riverains du secteur des rues Villeroy \u2013 Vend\u00f4me \u2013 Fuzier \u2013 Cr\u00e9qui, \u00e0 constater que l\u2019ins\u00e9curit\u00e9 monte dans ce quartier, situ\u00e9 entre le cours Gambetta et la rue Paul-Bert.<\/p>\n<p>Vendredi 3\u00a0octobre, vers 18\u00a0h\u00a015, un homme a \u00e9t\u00e9 bless\u00e9 par des tirs d\u2019arme \u00e0 feu, rue Vend\u00f4me \u00e0 hauteur de la Maison pour tous. Le tireur avait pris la fuite \u00e0 trottinette. Il a depuis \u00e9t\u00e9 arr\u00eat\u00e9 et plac\u00e9 en d\u00e9tention provisoire. En avril\u00a02024, quasiment au m\u00eame endroit, lors d\u2019une rixe, un homme avait d\u00e9j\u00e0 tir\u00e9 avec un fusil de chasse en pleine rue.<\/p>\n<p>\u00ab\u00a0Des hommes avec des liasses de billets dans les mains\u00a0\u00bb<\/p>\n<p>M\u00e9gots, gobelets en plastique, d\u00e9chets dans les espaces verts ou priv\u00e9s\u2026 Les habitants, photos \u00e0 l\u2019appui, font remonter depuis longtemps d\u00e9j\u00e0 les incivilit\u00e9s \u00e0 la mairie. Mais ces derniers mois, ce sont les trafics qui plombent&#8230;<\/p>\n","protected":false},"excerpt":{"rendered":"\u00ab\u00a0S\u2019il y a trafics, il y a forc\u00e9ment des r\u00e8glements de compte. Les gens s\u2019attendent \u00e0 ce que&hellip;\n","protected":false},"author":2,"featured_media":455242,"comment_status":"","ping_status":"","sticky":false,"template":"","format":"standard","meta":{"footnotes":""},"categories":[1889],"tags":[1111,11,2430,271,272,2757,1777,674,274,107,1011,27,2428,4751,4750,12,25,2429,104],"class_list":{"0":"post-455241","1":"post","2":"type-post","3":"status-publish","4":"format-standard","5":"has-post-thumbnail","7":"category-lyon","8":"tag-actu","9":"tag-actualites","10":"tag-auvergne-rhone-alpes","11":"tag-crime","12":"tag-delit-et-contravention","13":"tag-edition-lyon-villeurbanne","14":"tag-eu","15":"tag-europe","16":"tag-faits-divers-justice","17":"tag-fil-info","18":"tag-fr","19":"tag-france","20":"tag-lyon","21":"tag-lyon-3e","22":"tag-lyon-3e-arrondissement","23":"tag-news","24":"tag-republique-francaise","25":"tag-rhone","26":"tag-societe"},"share_on_mastodon":{"url":"https:\/\/pubeurope.com\/@fr\/115356055931194235","error":""},"_links":{"self":[{"href":"https:\/\/www.europesays.com\/fr\/wp-json\/wp\/v2\/posts\/455241","targetHints":{"allow":["GET"]}}],"collection":[{"href":"https:\/\/www.europesays.com\/fr\/wp-json\/wp\/v2\/posts"}],"about":[{"href":"https:\/\/www.europesays.com\/fr\/wp-json\/wp\/v2\/types\/post"}],"author":[{"embeddable":true,"href":"https:\/\/www.europesays.com\/fr\/wp-json\/wp\/v2\/users\/2"}],"replies":[{"embeddable":true,"href":"https:\/\/www.europesays.com\/fr\/wp-json\/wp\/v2\/comments?post=455241"}],"version-history":[{"count":0,"href":"https:\/\/www.europesays.com\/fr\/wp-json\/wp\/v2\/posts\/455241\/revisions"}],"wp:featuredmedia":[{"embeddable":true,"href":"https:\/\/www.europesays.com\/fr\/wp-json\/wp\/v2\/media\/455242"}],"wp:attachment":[{"href":"https:\/\/www.europesays.com\/fr\/wp-json\/wp\/v2\/media?parent=455241"}],"wp:term":[{"taxonomy":"category","embeddable":true,"href":"https:\/\/www.europesays.com\/fr\/wp-json\/wp\/v2\/categories?post=455241"},{"taxonomy":"post_tag","embeddable":true,"href":"https:\/\/www.europesays.com\/fr\/wp-json\/wp\/v2\/tags?post=455241"}],"curies":[{"name":"wp","href":"https:\/\/api.w.org\/{rel}","templated":true}]}}