{"id":455251,"date":"2025-10-11T14:46:15","date_gmt":"2025-10-11T14:46:15","guid":{"rendered":"https:\/\/www.europesays.com\/fr\/455251\/"},"modified":"2025-10-11T14:46:15","modified_gmt":"2025-10-11T14:46:15","slug":"arthur-cadre-le-golden-voyageur-de-paris-2024-revolutionne-la-facon-de-danser","status":"publish","type":"post","link":"https:\/\/www.europesays.com\/fr\/455251\/","title":{"rendered":"Arthur Cadre, le Golden Voyageur de Paris 2024, r\u00e9volutionne la fa\u00e7on de danser"},"content":{"rendered":"<p>Dimanche 11\u00a0ao\u00fbt 2024. Une parenth\u00e8se enchant\u00e9e prend fin. Paris, la France, et le monde entier ont vibr\u00e9 pendant deux semaines au rythme des exploits des meilleurs athl\u00e8tes. Place \u00e0 l\u2019art d\u00e9sormais, pour clore la 33e \u00e9dition des Jeux olympiques. L\u2019enjeu est de taille\u00a0: prouver \u00e0 tous ces millions de spectateurs que <a target=\"_self\" href=\"https:\/\/www.lanouvellerepublique.fr\/sports\/paris-2024\" rel=\"noopener\">Paris 2024<\/a> a d\u00e9finitivement sa place dans le palmar\u00e8s des plus beaux JO de l\u2019histoire. Alors, la c\u00e9r\u00e9monie de cl\u00f4ture doit \u00eatre, tout comme celle qui a donn\u00e9 le coup d\u2019envoi des olympiades, \u00e9poustouflante.<\/p>\n<p>Le pari, relev\u00e9 par <a target=\"_self\" href=\"https:\/\/www.lanouvellerepublique.fr\/a-la-une\/jo-paris-2024-on-avait-envie-que-ca-soit-federateur-affirme-thomas-jolly\" rel=\"noopener\">Thomas Jolly<\/a>, a \u00e9t\u00e9 r\u00e9ussi. Parmi ses complices, un certain <a target=\"_self\" href=\"https:\/\/www.arthurcadre.com\/\" rel=\"noopener\">Arthur Cadre<\/a>. C\u2019est lui qui a interpr\u00e9t\u00e9 le Golden Voyageur, cet \u00eatre \u00e9tincelant venu d\u2019une autre plan\u00e8te. Couvert de 20.000 perles d\u2019or, le danseur a surgi dans les airs, \u00e9lanc\u00e9 depuis le toit du Stade de France. Une fois pos\u00e9 sur la terre ferme, il a notamment \u00e9t\u00e9 rejoint par cent dix performeurs acrobates pour un sublime ballet chor\u00e9graphique o\u00f9 tout son talent de contorsionniste a pris forme. Le monde entier a d\u00e9couvert Arthur Cadre, et en premier lieu, la France.<\/p>\n","protected":false},"excerpt":{"rendered":"Dimanche 11\u00a0ao\u00fbt 2024. Une parenth\u00e8se enchant\u00e9e prend fin. Paris, la France, et le monde entier ont vibr\u00e9 pendant&hellip;\n","protected":false},"author":2,"featured_media":455252,"comment_status":"","ping_status":"","sticky":false,"template":"","format":"standard","meta":{"footnotes":""},"categories":[1888],"tags":[328,11,5972,1777,674,1011,27,329,43033,12,626,25],"class_list":{"0":"post-455251","1":"post","2":"type-post","3":"status-publish","4":"format-standard","5":"has-post-thumbnail","7":"category-paris","8":"tag-a-la-une","9":"tag-actualites","10":"tag-danse","11":"tag-eu","12":"tag-europe","13":"tag-fr","14":"tag-france","15":"tag-france-monde","16":"tag-linvite-du-samedi","17":"tag-news","18":"tag-paris","19":"tag-republique-francaise"},"share_on_mastodon":{"url":"https:\/\/pubeurope.com\/@fr\/115356079517695776","error":""},"_links":{"self":[{"href":"https:\/\/www.europesays.com\/fr\/wp-json\/wp\/v2\/posts\/455251","targetHints":{"allow":["GET"]}}],"collection":[{"href":"https:\/\/www.europesays.com\/fr\/wp-json\/wp\/v2\/posts"}],"about":[{"href":"https:\/\/www.europesays.com\/fr\/wp-json\/wp\/v2\/types\/post"}],"author":[{"embeddable":true,"href":"https:\/\/www.europesays.com\/fr\/wp-json\/wp\/v2\/users\/2"}],"replies":[{"embeddable":true,"href":"https:\/\/www.europesays.com\/fr\/wp-json\/wp\/v2\/comments?post=455251"}],"version-history":[{"count":0,"href":"https:\/\/www.europesays.com\/fr\/wp-json\/wp\/v2\/posts\/455251\/revisions"}],"wp:featuredmedia":[{"embeddable":true,"href":"https:\/\/www.europesays.com\/fr\/wp-json\/wp\/v2\/media\/455252"}],"wp:attachment":[{"href":"https:\/\/www.europesays.com\/fr\/wp-json\/wp\/v2\/media?parent=455251"}],"wp:term":[{"taxonomy":"category","embeddable":true,"href":"https:\/\/www.europesays.com\/fr\/wp-json\/wp\/v2\/categories?post=455251"},{"taxonomy":"post_tag","embeddable":true,"href":"https:\/\/www.europesays.com\/fr\/wp-json\/wp\/v2\/tags?post=455251"}],"curies":[{"name":"wp","href":"https:\/\/api.w.org\/{rel}","templated":true}]}}