{"id":455267,"date":"2025-10-11T14:54:13","date_gmt":"2025-10-11T14:54:13","guid":{"rendered":"https:\/\/www.europesays.com\/fr\/455267\/"},"modified":"2025-10-11T14:54:13","modified_gmt":"2025-10-11T14:54:13","slug":"direct-guerre-en-ukraine-zelensky-assure-avoir-eu-un-entretien-tres-positif-et-productif-avec-trump-suite-aux-attaques-russes","status":"publish","type":"post","link":"https:\/\/www.europesays.com\/fr\/455267\/","title":{"rendered":"DIRECT. Guerre en Ukraine\u00a0: Zelensky assure avoir eu un entretien \u00ab\u00a0tr\u00e8s positif et productif\u00a0\u00bb avec Trump suite aux attaques russes"},"content":{"rendered":"<p>15h32.Zelensky dit avoir exhort\u00e9 Trump \u00e0 n\u00e9gocier la paix en Ukraine lors d&rsquo;un appel \u00ab\u00a0positif\u00a0\u00bb<\/p>\n<p class=\"live-post__amorce\">Le pr\u00e9sident ukrainien Volodymyr Zelensky a indiqu\u00e9 avoir exhort\u00e9 son homologue am\u00e9ricain Donald Trump \u00e0 n\u00e9gocier la paix en Ukraine au cours d&rsquo;un entretien t\u00e9l\u00e9phonique qualifi\u00e9 de \u00ab\u00a0tr\u00e8s positif et productif\u00a0\u00bb. \u00ab\u00a0J&rsquo;ai f\u00e9licit\u00e9 le pr\u00e9sident Donald  Trump pour son succ\u00e8s et l&rsquo;accord sur le Moyen-Orient qu&rsquo;il a pu obtenir, ce qui est une r\u00e9ussite exceptionnelle. Si une guerre peut \u00eatre arr\u00eat\u00e9e dans une r\u00e9gion, alors d&rsquo;autres guerres peuvent certainement aussi \u00eatre arr\u00eat\u00e9es, y compris la guerre men\u00e9e par la Russie\u00a0\u00bb, a-t-il dit sur sa page Facebook.<\/p>\n<p>14h38.Entretien en cours entre Volodymyr Zelensky et Donald Trump<\/p>\n<p class=\"live-post__amorce\">Le pr\u00e9sident ukrainien Volodymyr Zelensky \u00ab\u00a0s&rsquo;entretient actuellement\u00a0\u00bb avec son homologue am\u00e9ricain Donald Trump, a annonc\u00e9 sur Telegram le chef de l&rsquo;administration pr\u00e9sidentielle ukrainienne Andri\u00ef Iermak. Cet entretien se d\u00e9roule au lendemain de l&rsquo;une des plus importantes attaques russes contre le r\u00e9seau \u00e9nerg\u00e9tique ukrainien. Lors d&rsquo;une conf\u00e9rence de presse vendredi \u00e0 Kiev, M. Zelensky a appel\u00e9 Donald Trump \u00e0 \u00ab\u00a0faire pression\u00a0\u00bb sur Vladimir Poutine pour qu&rsquo;il arr\u00eate les attaques a\u00e9riennes contre l&rsquo;Ukraine.<\/p>\n<p>11h31.De nouvelles coupures d&rsquo;\u00e9lectricit\u00e9 ce samedi dans la r\u00e9gion d&rsquo;Odessa<\/p>\n<p class=\"live-post__amorce\">Une attaque russe dans la nuit rive d&rsquo;\u00e9lectricit\u00e9 ce samedi plusieurs zones de la r\u00e9gion d&rsquo;Odessa dans le sud de l&rsquo;Ukraine. Les autorit\u00e9s n&rsquo;ont pas indiqu\u00e9 le nombre de foyers touch\u00e9s. L&rsquo;op\u00e9rateur \u00e9lectrique DTEK a annonc\u00e9, e son c\u00f4t\u00e9, avoir r\u00e9tabli le courant pour plus de 240 000 foyers dans la r\u00e9gion. Chaque hiver depuis le d\u00e9but de la guerre en 2022, la Russie cible le r\u00e9seau \u00e9nerg\u00e9tique ukrainien, ce qui prive des millions d&rsquo;habitants d&rsquo;\u00e9lectricit\u00e9 et de chauffage.<\/p>\n<p>10h16.Une d\u00e9l\u00e9gation d&rsquo;Ukraine va se rendre aux Etats-Unis pour acheter des armes<\/p>\n<p class=\"live-post__amorce\">Volodymyr Zelensky a annonc\u00e9 vendredi soir, au cours d&rsquo;un point presse, qu&rsquo;une d\u00e9l\u00e9gation ukrainienne va prochainement aller aux Etats-Unis pour acheter des syst\u00e8mes de d\u00e9fense a\u00e9rienne et des lance-roquettes Himars modifi\u00e9s pour tirer des missiles tactiques ATACMS. Le pr\u00e9sident ukrainien estime que les forces ukrainiennes ont besoin d\u2019armes pour la protection du pays, mais aussi pour des frappes \u00e0 longue port\u00e9e.<\/p>\n<p>08h27.\u00a0\u00bbLes missiles Tomahawk et Barracuda seraient redoutables face aux Russes\u00a0\u00bb<\/p>\n<p class=\"live-post__amorce\">L\u2019Ukraine r\u00e9clame les missiles am\u00e9ricains Tomahawk et Barracuda\u2026 mais peut encore patienter. Pour Guillaume Ancel, ancien officier, ces armes lourdes seraient redoutables sur le terrain, mais la question est avant tout \u00ab\u00a0un bras de fer entre Trump et Poutine\u00a0\u00bb.  <a href=\"https:\/\/www.ladepeche.fr\/2025\/10\/11\/entretien-guerre-en-ukraine-les-missiles-tomahawk-et-barracuda-seraient-redoutables-face-aux-russes-12983945.php\" target=\"_blank\" rel=\"noopener noreferrer nofollow\" class=\"\">Cliquez ici<\/a>  pour lire l&rsquo;interview.<\/p>\n<p>07h46.Melania Trump dit avoir \u00e9tabli \u00ab\u00a0un canal de communications\u00a0\u00bb avec Poutine sur les enfants ukrainiens<\/p>\n<p class=\"live-post__amorce\">L&rsquo;\u00e9pouse du pr\u00e9sident am\u00e9ricain Donald Trump, Melania, a annonc\u00e9 vendredi avoir \u00e9tabli \u00ab\u00a0un canal de communications\u00a0\u00bb avec le chef de l&rsquo;Etat russe Vladimir Poutine sur la question des enfants ukrainiens que Kiev accuse Moscou d&rsquo;avoir enlev\u00e9s. \u00ab\u00a0Le pr\u00e9sident Poutine et moi-m\u00eame avons ouvert un canal de communications sur le bien-\u00eatre de ces enfants\u00a0\u00bb, a d\u00e9clar\u00e9 Melania Trump \u00e0 des journalistes \u00e0 la Maison Blanche, pr\u00e9cisant que c&rsquo;\u00e9tait \u00e0 la suite d&rsquo;une lettre de sa part remise par son mari au pr\u00e9sident russe lors de leur sommet en Alaska en ao\u00fbt.<\/p>\n<p>07h25.Un \u00e9tudiant indien de 22 ans enr\u00f4l\u00e9 dans l&rsquo;arm\u00e9e russe<\/p>\n<p class=\"live-post__amorce\">Un jeune Indien de 22 ans affirme avoir \u00e9t\u00e9 enr\u00f4l\u00e9 de force au sein de l\u2019arm\u00e9e russe.\u00a0Majoti Sahil Mohamed Hussein s\u2019\u00e9tait rendu en Russie pour \u00e9tudier\u00a0: il a finalement \u00e9t\u00e9 envoy\u00e9 sur le front ukrainien, bien malgr\u00e9 lui.  <a href=\"https:\/\/www.ladepeche.fr\/2025\/10\/10\/guerre-en-ukraine-il-etait-venu-pour-etudier-en-russie-le-jeune-indien-de-22-ans-enrole-de-force-par-moscou-depose-les-armes-face-a-kiev-12983488.php\" target=\"_blank\" rel=\"noopener noreferrer nofollow\" class=\"\">Cliquez ici<\/a>  pour lire notre article.<\/p>\n<p>07h16.Volodymyr Zelensky appelle Donald Trump \u00e0 \u00ab\u00a0faire pression\u00a0\u00bb sur Vladimir Poutine<\/p>\n<p class=\"live-post__amorce\">Le pr\u00e9sident ukrainien appelle Donald Trump \u00e0 \u00ab\u00a0faire pression\u00a0\u00bb sur Vladimir Poutine pour qu&rsquo;il arr\u00eate les attaques a\u00e9riennes contre l&rsquo;Ukraine. \u00ab\u00a0J&rsquo;esp\u00e8re qu&rsquo;il utilisera tous les instruments, les Tomahawks (des missiles longue port\u00e9e am\u00e9ricains dont Kiev esp\u00e8re la livraison, NDLR), les sanctions, la diplomatie, les mesures financi\u00e8res et les droits de douane: tout pour arr\u00eater Poutine\u00a0\u00bb, a-t-il insist\u00e9.<\/p>\n<p>07h08.Comment les drones russes ont contourn\u00e9 la d\u00e9fense antia\u00e9rienne ukrainienne<\/p>\n<p class=\"live-post__amorce\">La coupure \u00e9lectrique  de vendredi est l&rsquo;une des plus graves depuis le d\u00e9but de la guerre en f\u00e9vrier 2022. Une source au sein du secteur ukrainien de l&rsquo;\u00e9nergie a expliqu\u00e9 qu&rsquo;en raison du temps nuageux, de nombreux drones russes avaient \u00ab\u00a0r\u00e9ussi \u00e0 contourner la d\u00e9fense antia\u00e9rienne\u00a0\u00bb. Volodymyr Zelensky a estim\u00e9, lors d&rsquo;une conf\u00e9rence de presse vendredi soir, que cette m\u00e9t\u00e9o avait r\u00e9duit les capacit\u00e9s antia\u00e9riennes ukrainiennes de \u00ab\u00a020 \u00e0 30%\u00a0\u00bb.<\/p>\n<p>07h03.Des centrales thermiques gravement endommag\u00e9es<\/p>\n<p class=\"live-post__amorce\">Le PDG du principal op\u00e9rateur \u00e9lectrique DTEK a fait \u00e9tat de \u00ab\u00a0centrales thermiques gravement endommag\u00e9es\u00a0\u00bb. Ses ouvriers poursuivent leur travail \u00e0 \u00ab\u00a0r\u00e9gime soutenu\u00a0\u00bb pour r\u00e9tablir le courant.  <a href=\"https:\/\/www.ladepeche.fr\/2025\/10\/10\/guerre-en-ukraine-lattaque-la-plus-agressive-depuis-le-debut-de-linvasion-comment-kiev-a-perdu-60-de-ses-capacites-gazieres-en-quelques-heures-12984147.php\" target=\"_blank\" rel=\"noopener noreferrer nofollow\" class=\"\">Cliquez ici<\/a>  pour lire notre article.<\/p>\n<p>07h01.Apr\u00e8s les frappes russes, le courant r\u00e9tabli pour 678 000 foyers en Ukraine<\/p>\n<p class=\"live-post__amorce\">L&rsquo;Ukraine a subi vendredi l&rsquo;une des plus importantes attaques russes contre son r\u00e9seau \u00e9nerg\u00e9tique. Les bombardements ont priv\u00e9 de courant des centaines de milliers de clients dans la capitale Kiev et neuf autres r\u00e9gions de l&rsquo;est, du sud, du nord et du centre. Dans la soir\u00e9e, l&rsquo;op\u00e9rateur \u00e9lectrique DTEK a indiqu\u00e9 avoir r\u00e9tabli l&rsquo;\u00e9lectricit\u00e9 chez au moins 678 000 consommateurs, foyers et entreprises.<\/p>\n<p>07h00.Bienvenue dans notre direct<\/p>\n<p class=\"live-post__amorce\">Suivez l&rsquo;actualit\u00e9 de la guerre en Ukraine sur  <a href=\"http:\/\/ladepeche.fr\" target=\"_blank\" rel=\"noopener noreferrer nofollow\" class=\"\">ladepeche.fr<\/a> , ce samedi 11 octobre 2025.<\/p>\n","protected":false},"excerpt":{"rendered":"15h32.Zelensky dit avoir exhort\u00e9 Trump \u00e0 n\u00e9gocier la paix en Ukraine lors d&rsquo;un appel \u00ab\u00a0positif\u00a0\u00bb Le pr\u00e9sident ukrainien&hellip;\n","protected":false},"author":2,"featured_media":455268,"comment_status":"","ping_status":"","sticky":false,"template":"","format":"standard","meta":{"footnotes":""},"categories":[1586],"tags":[11,1777,674,1779,1011,27,12,25,1778,364],"class_list":{"0":"post-455267","1":"post","2":"type-post","3":"status-publish","4":"format-standard","5":"has-post-thumbnail","7":"category-europe","8":"tag-actualites","9":"tag-eu","10":"tag-europe","11":"tag-european-union","12":"tag-fr","13":"tag-france","14":"tag-news","15":"tag-republique-francaise","16":"tag-ue","17":"tag-union-europeenne"},"share_on_mastodon":{"url":"https:\/\/pubeurope.com\/@fr\/115356110943936771","error":""},"_links":{"self":[{"href":"https:\/\/www.europesays.com\/fr\/wp-json\/wp\/v2\/posts\/455267","targetHints":{"allow":["GET"]}}],"collection":[{"href":"https:\/\/www.europesays.com\/fr\/wp-json\/wp\/v2\/posts"}],"about":[{"href":"https:\/\/www.europesays.com\/fr\/wp-json\/wp\/v2\/types\/post"}],"author":[{"embeddable":true,"href":"https:\/\/www.europesays.com\/fr\/wp-json\/wp\/v2\/users\/2"}],"replies":[{"embeddable":true,"href":"https:\/\/www.europesays.com\/fr\/wp-json\/wp\/v2\/comments?post=455267"}],"version-history":[{"count":0,"href":"https:\/\/www.europesays.com\/fr\/wp-json\/wp\/v2\/posts\/455267\/revisions"}],"wp:featuredmedia":[{"embeddable":true,"href":"https:\/\/www.europesays.com\/fr\/wp-json\/wp\/v2\/media\/455268"}],"wp:attachment":[{"href":"https:\/\/www.europesays.com\/fr\/wp-json\/wp\/v2\/media?parent=455267"}],"wp:term":[{"taxonomy":"category","embeddable":true,"href":"https:\/\/www.europesays.com\/fr\/wp-json\/wp\/v2\/categories?post=455267"},{"taxonomy":"post_tag","embeddable":true,"href":"https:\/\/www.europesays.com\/fr\/wp-json\/wp\/v2\/tags?post=455267"}],"curies":[{"name":"wp","href":"https:\/\/api.w.org\/{rel}","templated":true}]}}