{"id":455274,"date":"2025-10-11T15:00:12","date_gmt":"2025-10-11T15:00:12","guid":{"rendered":"https:\/\/www.europesays.com\/fr\/455274\/"},"modified":"2025-10-11T15:00:12","modified_gmt":"2025-10-11T15:00:12","slug":"direct-top-14-stade-francais-la-rochelle-les-parisiens-veulent-rester-dans-le-haut-du-classement-suivez-le-match-de-la-6e-journee","status":"publish","type":"post","link":"https:\/\/www.europesays.com\/fr\/455274\/","title":{"rendered":"Direct. Top 14 \u2013 Stade fran\u00e7ais &#8211; La Rochelle : les Parisiens veulent rester dans le haut du classement&#8230; Suivez le match de la 6e journ\u00e9e"},"content":{"rendered":"<p>\n                Bonjour et bienvenue sur Rugbyrama pour suivre le direct comment\u00e9 de la rencontre qui oppose le Stade fran\u00e7ais\u00a0\u00e0 la Rochelle pour le compte de la 6e journ\u00e9e de Top 14.\n            <\/p>\n<p>Le Stade fran\u00e7ais, troisi\u00e8me du championnat, re\u00e7oit la Rochelle. Vainqueurs \u00e9m\u00e9rites face \u00e0 Bordeaux puis \u00e0 Perpignan, les hommes de la capitale voudront surfer sur leur dynamique.<\/p>\n<p>La Rochelle aura \u00e0 coeur de r\u00e9agir apr\u00e8s sa d\u00e9faite \u00e0 Montpellier.<\/p>\n<p>L&rsquo;arbitre du match est M.Gasnier<\/p>\n","protected":false},"excerpt":{"rendered":"Bonjour et bienvenue sur Rugbyrama pour suivre le direct comment\u00e9 de la rencontre qui oppose le Stade fran\u00e7ais\u00a0\u00e0&hellip;\n","protected":false},"author":2,"featured_media":455275,"comment_status":"","ping_status":"","sticky":false,"template":"","format":"standard","meta":{"footnotes":""},"categories":[1416],"tags":[1011,27,479,1468,60],"class_list":{"0":"post-455274","1":"post","2":"type-post","3":"status-publish","4":"format-standard","5":"has-post-thumbnail","7":"category-rugby","8":"tag-fr","9":"tag-france","10":"tag-rugby","11":"tag-rugby-football","12":"tag-sports"},"share_on_mastodon":{"url":"https:\/\/pubeurope.com\/@fr\/115356134908060040","error":""},"_links":{"self":[{"href":"https:\/\/www.europesays.com\/fr\/wp-json\/wp\/v2\/posts\/455274","targetHints":{"allow":["GET"]}}],"collection":[{"href":"https:\/\/www.europesays.com\/fr\/wp-json\/wp\/v2\/posts"}],"about":[{"href":"https:\/\/www.europesays.com\/fr\/wp-json\/wp\/v2\/types\/post"}],"author":[{"embeddable":true,"href":"https:\/\/www.europesays.com\/fr\/wp-json\/wp\/v2\/users\/2"}],"replies":[{"embeddable":true,"href":"https:\/\/www.europesays.com\/fr\/wp-json\/wp\/v2\/comments?post=455274"}],"version-history":[{"count":0,"href":"https:\/\/www.europesays.com\/fr\/wp-json\/wp\/v2\/posts\/455274\/revisions"}],"wp:featuredmedia":[{"embeddable":true,"href":"https:\/\/www.europesays.com\/fr\/wp-json\/wp\/v2\/media\/455275"}],"wp:attachment":[{"href":"https:\/\/www.europesays.com\/fr\/wp-json\/wp\/v2\/media?parent=455274"}],"wp:term":[{"taxonomy":"category","embeddable":true,"href":"https:\/\/www.europesays.com\/fr\/wp-json\/wp\/v2\/categories?post=455274"},{"taxonomy":"post_tag","embeddable":true,"href":"https:\/\/www.europesays.com\/fr\/wp-json\/wp\/v2\/tags?post=455274"}],"curies":[{"name":"wp","href":"https:\/\/api.w.org\/{rel}","templated":true}]}}