{"id":455278,"date":"2025-10-11T15:03:23","date_gmt":"2025-10-11T15:03:23","guid":{"rendered":"https:\/\/www.europesays.com\/fr\/455278\/"},"modified":"2025-10-11T15:03:23","modified_gmt":"2025-10-11T15:03:23","slug":"qui-sont-les-plus-jeunes-vainqueurs-du-motogp","status":"publish","type":"post","link":"https:\/\/www.europesays.com\/fr\/455278\/","title":{"rendered":"Qui sont les plus jeunes vainqueurs du MotoGP ?"},"content":{"rendered":"<p>\u00c0 20 ans et 183 jours, Ferm\u00edn Aldeguer est devenu le 2e plus jeune vainqueur du <a href=\"https:\/\/www.autohebdo.fr\/actualites\/motogp\" data-internallinksmanager029f6b8e52c=\"4\" title=\"MotoGP\" rel=\"nofollow noopener\" target=\"_blank\">MotoGP<\/a>. Victorieux en Indon\u00e9sie, il se classe juste derri\u00e8re son idole et champion du monde 2025, Marc M\u00e1rquez, d\u00e9tenteur de ce record de pr\u00e9cocit\u00e9. Le n\u00b093 avait pour sa part connu son jour de gloire \u00e0 20 ans et 63 jours, lors du Grand Prix des Am\u00e9riques 2013. Mais derri\u00e8re ses deux pilotes, d\u2019autres ont d\u00e9croch\u00e9 leur premier succ\u00e8s en cat\u00e9gorie reine tr\u00e8s t\u00f4t.<\/p>\n<p>Dans le classement des 10 plus jeunes vainqueurs en MotoGP, on retrouve notamment <a href=\"https:\/\/www.autohebdo.fr\/actualites\/tag\/fabio-quartararo\" data-internallinksmanager029f6b8e52c=\"15\" title=\"Fabio Quartararo\" rel=\"nofollow noopener\" target=\"_blank\">Fabio Quartararo<\/a>. Le Fran\u00e7ais, arrive en MotoGP \u00e0 l\u2019aube de la saison 2019, a trouv\u00e9 la victoire lors de la manche inaugurale de la saison suivante, \u00e0 Jerez. Grand Prix tristement c\u00e9l\u00e8bre pour avoir accueilli la lourde blessure de Marc M\u00e1rquez au bras droit.<\/p>\n<p>Le Ni\u00e7ois se classe juste devant <a href=\"https:\/\/www.autohebdo.fr\/actualites\/tag\/valentino-rossi\" data-internallinksmanager029f6b8e52c=\"35\" title=\"Valentino Rossi\" rel=\"nofollow noopener\" target=\"_blank\">Valentino Rossi<\/a>. Nonuple champion du monde, l\u2019Italien s\u2019imposait pour la premi\u00e8re fois 20 ans plus t\u00f4t, lors du Grand Prix de Grande-Bretagne.<\/p>\n<\/p>\n<p>MotoGP<br \/>La liste des plus jeunes vainqueurs \u00a0:<\/p>\n<p class=\"my-2 [&amp;+p]:mt-4 [&amp;_strong:has(+br)]:inline-block [&amp;_strong:has(+br)]:pb-2\">1) Marc M\u00e1rquez \u2014 20 ans et 63 jours \ud83c\uddfa\ud83c\uddf8 Grand Prix des \u00c9tats-Unis (2013)<br \/>2) Ferm\u00edn Aldeguer \u2014 20 ans et 183 jours \ud83c\uddee\ud83c\udde9 Grand Prix d\u2019Indon\u00e9sie (2025)<br \/>3) Freddie Spencer \u2014 20 ans et 196 jours \ud83c\udde7\ud83c\uddea Grand Prix de Belgique (1982)<br \/>4) Norifumi Abe \u2014 20 ans et 227 jours \ud83c\uddef\ud83c\uddf5 Grand Prix du Japon (1996)<br \/>5) Dani Pedrosa \u2014 20 ans et 227 jours \ud83c\udde8\ud83c\uddf3 Grand Prix de Chine (2006)<br \/>6) Randy Mamola \u2014 20 ans et 239 jours \ud83c\udde7\ud83c\uddea Grand Prix de Belgique (1980)<br \/>7) Jorge Lorenzo \u2014 20 ans et 345 jours \ud83c\uddf5\ud83c\uddf9 Grand Prix du Portugal (2008)<br \/>8) Mike Hailwood \u2014 21 ans et 75 jours \ud83c\uddec\ud83c\udde7 Grand Prix de Grande-Bretagne (1961)<br \/>9) Fabio Quartararo \u2014 21 ans et 90 jours \ud83c\uddea\ud83c\uddf8 Grand Prix d\u2019Espagne (2020)<br \/>10) Valentino Rossi \u2014 21 ans et 144 jours \ud83c\uddec\ud83c\udde7 Grand Prix de Grande-Bretagne (2000)<\/p>\n<p><strong>\u00c0 LIRE AUSSI &gt;\u00a0<a href=\"https:\/\/www.autohebdo.fr\/actualites\/motogp\/gp-dindonesie-motogp-course.html\" rel=\"nofollow noopener\" target=\"_blank\">GP d\u2019Indon\u00e9sie : Fermin Aldeguer signe sa premi\u00e8re victoire, Marc M\u00e1rquez se blesse<\/a><\/strong><\/p>\n","protected":false},"excerpt":{"rendered":"\u00c0 20 ans et 183 jours, Ferm\u00edn Aldeguer est devenu le 2e plus jeune vainqueur du MotoGP. Victorieux&hellip;\n","protected":false},"author":2,"featured_media":455279,"comment_status":"","ping_status":"","sticky":false,"template":"","format":"standard","meta":{"footnotes":""},"categories":[1413],"tags":[1011,27,1457,1456,60],"class_list":{"0":"post-455278","1":"post","2":"type-post","3":"status-publish","4":"format-standard","5":"has-post-thumbnail","7":"category-moto","8":"tag-fr","9":"tag-france","10":"tag-moto","11":"tag-motocycle","12":"tag-sports"},"share_on_mastodon":{"url":"https:\/\/pubeurope.com\/@fr\/115356146386931862","error":""},"_links":{"self":[{"href":"https:\/\/www.europesays.com\/fr\/wp-json\/wp\/v2\/posts\/455278","targetHints":{"allow":["GET"]}}],"collection":[{"href":"https:\/\/www.europesays.com\/fr\/wp-json\/wp\/v2\/posts"}],"about":[{"href":"https:\/\/www.europesays.com\/fr\/wp-json\/wp\/v2\/types\/post"}],"author":[{"embeddable":true,"href":"https:\/\/www.europesays.com\/fr\/wp-json\/wp\/v2\/users\/2"}],"replies":[{"embeddable":true,"href":"https:\/\/www.europesays.com\/fr\/wp-json\/wp\/v2\/comments?post=455278"}],"version-history":[{"count":0,"href":"https:\/\/www.europesays.com\/fr\/wp-json\/wp\/v2\/posts\/455278\/revisions"}],"wp:featuredmedia":[{"embeddable":true,"href":"https:\/\/www.europesays.com\/fr\/wp-json\/wp\/v2\/media\/455279"}],"wp:attachment":[{"href":"https:\/\/www.europesays.com\/fr\/wp-json\/wp\/v2\/media?parent=455278"}],"wp:term":[{"taxonomy":"category","embeddable":true,"href":"https:\/\/www.europesays.com\/fr\/wp-json\/wp\/v2\/categories?post=455278"},{"taxonomy":"post_tag","embeddable":true,"href":"https:\/\/www.europesays.com\/fr\/wp-json\/wp\/v2\/tags?post=455278"}],"curies":[{"name":"wp","href":"https:\/\/api.w.org\/{rel}","templated":true}]}}